{"id":26573,"date":"2026-09-03T18:50:27","date_gmt":"2026-09-03T16:50:27","guid":{"rendered":"https:\/\/skema.eu\/?p=26573"},"modified":"2026-09-03T18:51:53","modified_gmt":"2026-09-03T16:51:53","slug":"tempo-posa","status":"publish","type":"post","link":"https:\/\/skema.eu\/fr\/tempo-posa\/","title":{"rendered":"Il \u201ctempo di posa\u201d"},"content":{"rendered":"<p>[et_pb_section fb_built=&#8221;1&#8243; _builder_version=&#8221;4.27.4&#8243; _module_preset=&#8221;default&#8221; locked=&#8221;off&#8221; global_colors_info=&#8221;{}&#8221;][et_pb_row custom_padding_last_edited=&#8221;on|phone&#8221; _builder_version=&#8221;4.27.4&#8243; _module_preset=&#8221;default&#8221; width=&#8221;100%&#8221; max_width=&#8221;50%&#8221; max_width_tablet=&#8221;80%&#8221; max_width_phone=&#8221;80%&#8221; max_width_last_edited=&#8221;on|tablet&#8221; custom_padding=&#8221;0px||33px||false|false&#8221; custom_padding_tablet=&#8221;&#8221; custom_padding_phone=&#8221;0px||0px||false|false&#8221; global_colors_info=&#8221;{}&#8221;][et_pb_column type=&#8221;4_4&#8243; _builder_version=&#8221;4.27.4&#8243; _module_preset=&#8221;default&#8221; global_colors_info=&#8221;{}&#8221;][et_pb_text _builder_version=&#8221;4.27.6&#8243; _module_preset=&#8221;default&#8221; text_font_size=&#8221;36px&#8221; text_line_height=&#8221;43px&#8221; text_font_size_tablet=&#8221;36px&#8221; text_font_size_phone=&#8221;25px&#8221; text_font_size_last_edited=&#8221;on|phone&#8221; text_line_height_tablet=&#8221;43px&#8221; text_line_height_phone=&#8221;30px&#8221; text_line_height_last_edited=&#8221;on|phone&#8221; global_colors_info=&#8221;{}&#8221;]<\/p>\n<p>Un pavimento steso sulla memoria di casa, per accompagnare una nuova stagione della vita<\/p>\n<p>[\/et_pb_text][\/et_pb_column][\/et_pb_row][\/et_pb_section][et_pb_section fb_built=&#8221;1&#8243; _builder_version=&#8221;4.27.4&#8243; _module_preset=&#8221;default&#8221; custom_padding=&#8221;0px||0px||true|false&#8221; locked=&#8221;off&#8221; global_colors_info=&#8221;{}&#8221;][et_pb_row _builder_version=&#8221;4.27.4&#8243; _module_preset=&#8221;default&#8221; custom_padding=&#8221;0px||0px||true|false&#8221; global_colors_info=&#8221;{}&#8221;][et_pb_column type=&#8221;4_4&#8243; _builder_version=&#8221;4.27.4&#8243; _module_preset=&#8221;default&#8221; global_colors_info=&#8221;{}&#8221;][et_pb_image src=&#8221;https:\/\/skema.eu\/wp-content\/uploads\/2026\/09\/tempo-posa-1.jpg&#8221; alt=&#8221;Skema K-UNO Rovere California New&#8221; title_text=&#8221;Skema K-UNO Rovere California New&#8221; align=&#8221;center&#8221; force_fullwidth=&#8221;on&#8221; _builder_version=&#8221;4.27.6&#8243; _module_preset=&#8221;default&#8221; global_colors_info=&#8221;{}&#8221;][\/et_pb_image][\/et_pb_column][\/et_pb_row][\/et_pb_section][et_pb_section fb_built=&#8221;1&#8243; _builder_version=&#8221;4.27.4&#8243; _module_preset=&#8221;default&#8221; custom_padding=&#8221;||0px||false|false&#8221; locked=&#8221;off&#8221; global_colors_info=&#8221;{}&#8221;][et_pb_row _builder_version=&#8221;4.27.4&#8243; _module_preset=&#8221;default&#8221; width=&#8221;100%&#8221; max_width=&#8221;50%&#8221; max_width_tablet=&#8221;80%&#8221; max_width_phone=&#8221;80%&#8221; max_width_last_edited=&#8221;on|tablet&#8221; custom_padding=&#8221;0px||||false|false&#8221; global_colors_info=&#8221;{}&#8221;][et_pb_column type=&#8221;4_4&#8243; _builder_version=&#8221;4.27.4&#8243; _module_preset=&#8221;default&#8221; global_colors_info=&#8221;{}&#8221;][et_pb_text _builder_version=&#8221;4.27.6&#8243; _module_preset=&#8221;default&#8221; text_font_size=&#8221;18px&#8221; text_line_height=&#8221;1.8em&#8221; custom_padding=&#8221;||0px|||&#8221; text_font_size_tablet=&#8221;18px&#8221; text_font_size_phone=&#8221;16px&#8221; text_font_size_last_edited=&#8221;on|phone&#8221; global_colors_info=&#8221;{}&#8221;]<\/p>\n<p>Per la proprietaria, tornare in questa casa ha significato ritrovare una parte importante della propria storia. Qui avevano vissuto i suoi genitori e <strong>ogni ambiente custodiva ricordi<\/strong>,<strong> gesti e consuetudini familiari<\/strong>. Il progetto \u00e8 nato dal desiderio di <strong>accompagnare la casa verso una nuova fase<\/strong>,<strong> lasciando che quella memoria continuasse ad abitarla<\/strong>.<\/p>\n<p>Una scelta tecnica racconta bene lo spirito del progetto. Il pavimento <strong>Skema<\/strong> <strong>K-UNO<\/strong>, nella tonalit\u00e0 <strong>Rovere California New<\/strong>, \u00e8 stato <strong>posato direttamente sopra quello esistente<\/strong>, dopo aver eseguito le tracce per gli impianti. Il maxi-listone restituisce con grande realismo le venature e i nodi del legno, anche al tatto, mentre la <strong>tecnologia Hydro<\/strong> lo rende <strong>pi\u00f9 resistente ai ristagni d\u2019acqua<\/strong>. La <strong>compatibilit\u00e0 con il riscaldamento a pavimento<\/strong> ha inoltre consentito di integrarlo con le nuove esigenze impiantistiche. La superficie originaria permane, ma viene celata alla vista, e su di essa prende forma la casa di oggi.<\/p>\n<p>[\/et_pb_text][dipl_masonry_gallery image_ids=&#8221;26527,26531,26523&#8243; number_of_columns=&#8221;3&#8243; image_size=&#8221;full&#8221; enable_lightbox=&#8221;on&#8221; _builder_version=&#8221;4.27.6&#8243; _module_preset=&#8221;default&#8221; global_colors_info=&#8221;{}&#8221;][\/dipl_masonry_gallery][et_pb_text _builder_version=&#8221;4.27.6&#8243; _module_preset=&#8221;default&#8221; text_font_size=&#8221;18px&#8221; text_line_height=&#8221;1.8em&#8221; text_font_size_tablet=&#8221;18px&#8221; text_font_size_phone=&#8221;16px&#8221; text_font_size_last_edited=&#8221;on|phone&#8221; global_colors_info=&#8221;{}&#8221;]<\/p>\n<p>Il lavoro parte dalla distribuzione interna, ridisegnata per <strong>guadagnare funzionalit\u00e0, luce e respiro tra gli ambienti<\/strong>. La zona giorno ruota attorno alla cucina aperta con penisola: un piano candido e lucido che riflette la luminosit\u00e0 naturale. Accanto, il tavolo rotondo con basamento nero \u00e8 circondato da sedute rivestite in tessuto chiaro, sostenute da esili strutture metalliche scure. L\u2019insieme disegna una zona pranzo essenziale, morbida nelle forme e ben integrata con l\u2019ambiente. La libreria a giorno accoglie piante, ceramiche e qualche volume, con quella naturalezza minimale che denota cura per i dettagli.<\/p>\n<p>[\/et_pb_text][dipl_masonry_gallery image_ids=&#8221;26543,26535,26539&#8243; number_of_columns=&#8221;3&#8243; image_size=&#8221;full&#8221; enable_lightbox=&#8221;on&#8221; _builder_version=&#8221;4.27.6&#8243; _module_preset=&#8221;default&#8221; global_colors_info=&#8221;{}&#8221;][\/dipl_masonry_gallery][et_pb_text _builder_version=&#8221;4.27.6&#8243; _module_preset=&#8221;default&#8221; text_font_size=&#8221;18px&#8221; text_line_height=&#8221;1.8em&#8221; custom_margin=&#8221;||26px|||&#8221; text_font_size_tablet=&#8221;18px&#8221; text_font_size_phone=&#8221;16px&#8221; text_font_size_last_edited=&#8221;on|phone&#8221; global_colors_info=&#8221;{}&#8221;]<\/p>\n<p>Il rovere scorre senza soluzione di continuit\u00e0 dal <em>living <\/em>alla zona notte. <strong>Il tono chiaro e caldo, la fibra visibile e discreta, fanno da tessuto connettivo all&#8217;intero piano<\/strong>. La luce filtra dalle tende leggere e disegna sul legno le sue geometrie. La luminosit\u00e0 \u00e8 stata, evidentemente, pensata come uno dei materiali del progetto.<\/p>\n<p>Il soggiorno lavora per sottrazione. Una parete attrezzata bassa e sospesa libera il pavimento; sopra, un piano continuo ospita un piccolo dipinto appoggiato accanto al televisore. Il divano blu petrolio d\u00e0 la misura cromatica dell&#8217;ambiente, in dialogo con i bianchi e i toni naturali. Le opere alle pareti, con i loro volti e le figure dai colori terrosi, portano una temperatura emotiva alle linee essenziali dell&#8217;insieme.<\/p>\n<p>[\/et_pb_text][dipl_masonry_gallery image_ids=&#8221;26547,26551,26555&#8243; number_of_columns=&#8221;3&#8243; image_size=&#8221;full&#8221; enable_lightbox=&#8221;on&#8221; _builder_version=&#8221;4.27.6&#8243; _module_preset=&#8221;default&#8221; global_colors_info=&#8221;{}&#8221;][\/dipl_masonry_gallery][et_pb_text _builder_version=&#8221;4.27.6&#8243; _module_preset=&#8221;default&#8221; text_font_size=&#8221;18px&#8221; text_line_height=&#8221;1.8em&#8221; text_font_size_tablet=&#8221;18px&#8221; text_font_size_phone=&#8221;16px&#8221; text_font_size_last_edited=&#8221;on|phone&#8221; global_colors_info=&#8221;{}&#8221;]<\/p>\n<p>Nella zona notte il registro cambia. La camera padronale gioca su una parete materica color tortora, una tonalit\u00e0 polverosa e avvolgente che raccoglie la luce e crea un&#8217;atmosfera intima. Il letto dalla testiera candida veste tessili in dialogo con la parete: rosa antico, cuscini cipria, un <em>plaid<\/em> verde salvia dalla trama a nido d&#8217;ape. Ai lati, due applique bianche come fiori sospesi. Sotto, <strong>lo stesso rovere della zona giorno tiene insieme le due anime della casa sotto un&#8217;unica superficie continua<\/strong>.<\/p>\n<p>[\/et_pb_text][dipl_masonry_gallery image_ids=&#8221;26563,26567,26559&#8243; number_of_columns=&#8221;3&#8243; image_size=&#8221;full&#8221; enable_lightbox=&#8221;on&#8221; _builder_version=&#8221;4.27.6&#8243; _module_preset=&#8221;default&#8221; global_colors_info=&#8221;{}&#8221;][\/dipl_masonry_gallery][et_pb_text _builder_version=&#8221;4.27.6&#8243; _module_preset=&#8221;default&#8221; text_font_size=&#8221;18px&#8221; text_line_height=&#8221;1.8em&#8221; text_font_size_tablet=&#8221;18px&#8221; text_font_size_phone=&#8221;16px&#8221; text_font_size_last_edited=&#8221;on|phone&#8221; global_colors_info=&#8221;{}&#8221;]<\/p>\n<p>La posa sull&#8217;esistente ha <strong>ridotto demolizioni e tempi di cantiere, portando la tecnologia dove serviva e stendendo sopra un nuovo pavimento<\/strong>, caldo e continuo. La <strong>superficie antistatica<\/strong> limita l\u2019accumulo di polvere e peli, <strong>semplifica la pulizia quotidiana <\/strong>e riduce le scariche elettrostatiche, contribuendo a rendere la casa <strong>pi\u00f9 piacevole da vivere<\/strong>. K-UNO <strong>non rilascia nell\u2019aria sostanze nocive<\/strong> ed \u00e8 <strong>conforme ai CAM e certificato PEFC<\/strong>: qualit\u00e0 che completano una <strong>scelta attenta al benessere<\/strong> degli ambienti e alla <strong>provenienza responsabile<\/strong> della materia prima. Il risultato \u00e8 <strong>un interno luminoso e accogliente<\/strong>, capace di durare nel tempo perch\u00e9 costruito su <strong>un equilibrio misurato, lontano dalle mode<\/strong>.<\/p>\n<p>Il progetto trova qui il suo significato pi\u00f9 intimo: <strong>la storia della casa affiora nella materia e accompagna una quotidianit\u00e0 nuova<\/strong>. Il rovere ne raccoglie le tracce e le porta avanti, passo dopo passo, dentro il tempo che verr\u00e0.<\/p>\n<p><em>Arch &#8211; Camilla Dalla Cia<\/em><\/p>\n<p>[\/et_pb_text][\/et_pb_column][\/et_pb_row][\/et_pb_section][et_pb_section fb_built=&#8221;1&#8243; custom_padding_last_edited=&#8221;on|phone&#8221; _builder_version=&#8221;4.27.4&#8243; _module_preset=&#8221;default&#8221; custom_padding=&#8221;0px||||false|false&#8221; custom_padding_tablet=&#8221;0px||||false|false&#8221; custom_padding_phone=&#8221;0px||0px||false|false&#8221; locked=&#8221;off&#8221; global_colors_info=&#8221;{}&#8221;][\/et_pb_section]<\/p>\n","protected":false},"excerpt":{"rendered":"<p>Un pavimento steso sulla memoria di casa, per accompagnare una nuova stagione della vita<\/p>\n","protected":false},"author":9986,"featured_media":26507,"comment_status":"closed","ping_status":"closed","sticky":false,"template":"","format":"standard","meta":{"_acf_changed":false,"_et_pb_use_builder":"on","_et_pb_old_content":"","_et_gb_content_width":"","inline_featured_image":false,"_indaweb_faqs":[],"footnotes":""},"categories":[317],"tags":[],"class_list":["post-26573","post","type-post","status-publish","format-standard","has-post-thumbnail","hentry","category-realisations-fr"],"acf":[],"yoast_head":"<!-- This site is optimized with the Yoast SEO plugin v28.4 - https:\/\/yoast.com\/product\/yoast-seo-wordpress\/ -->\n<title>Il \u201ctempo di posa\u201d - Skema<\/title>\n<meta name=\"description\" content=\"Un pavimento steso sulla memoria di casa, per accompagnare una nuova stagione della vita\" \/>\n<meta name=\"robots\" content=\"index, follow, max-snippet:-1, max-image-preview:large, max-video-preview:-1\" \/>\n<link rel=\"canonical\" href=\"https:\/\/skema.eu\/fr\/tempo-posa\/\" \/>\n<meta property=\"og:locale\" content=\"fr_FR\" \/>\n<meta property=\"og:type\" content=\"article\" \/>\n<meta property=\"og:title\" content=\"Il \u201ctempo di posa\u201d\" \/>\n<meta property=\"og:description\" content=\"Un pavimento steso sulla memoria di casa, per accompagnare una nuova stagione della vita\" \/>\n<meta property=\"og:url\" content=\"https:\/\/skema.eu\/fr\/tempo-posa\/\" \/>\n<meta property=\"og:site_name\" content=\"Skema\" \/>\n<meta property=\"article:publisher\" content=\"https:\/\/www.facebook.com\/skema.eu\" \/>\n<meta property=\"article:published_time\" content=\"2026-09-03T16:50:27+00:00\" \/>\n<meta property=\"article:modified_time\" content=\"2026-09-03T16:51:53+00:00\" \/>\n<meta property=\"og:image\" content=\"https:\/\/skema.eu\/wp-content\/uploads\/2026\/09\/tempo-posa-1600x900.jpg\" \/>\n<meta name=\"author\" content=\"Cristina Miseo\" \/>\n<meta name=\"twitter:card\" content=\"summary_large_image\" \/>\n<meta name=\"twitter:label1\" content=\"\u00c9crit par\" \/>\n\t<meta name=\"twitter:data1\" content=\"Cristina Miseo\" \/>\n\t<meta name=\"twitter:label2\" content=\"Dur\u00e9e de lecture estim\u00e9e\" \/>\n\t<meta name=\"twitter:data2\" content=\"6 minutes\" \/>\n<script type=\"application\/ld+json\" class=\"yoast-schema-graph\">{\"@context\":\"https:\\\/\\\/schema.org\",\"@graph\":[{\"@type\":\"Article\",\"@id\":\"https:\\\/\\\/skema.eu\\\/fr\\\/tempo-posa\\\/#article\",\"isPartOf\":{\"@id\":\"https:\\\/\\\/skema.eu\\\/fr\\\/tempo-posa\\\/\"},\"author\":{\"name\":\"Cristina Miseo\",\"@id\":\"https:\\\/\\\/skema.eu\\\/fr\\\/#\\\/schema\\\/person\\\/300bdb705c56dc472eccd8ee8ff3a908\"},\"headline\":\"Il \u201ctempo di posa\u201d\",\"datePublished\":\"2026-09-03T16:50:27+00:00\",\"dateModified\":\"2026-09-03T16:51:53+00:00\",\"mainEntityOfPage\":{\"@id\":\"https:\\\/\\\/skema.eu\\\/fr\\\/tempo-posa\\\/\"},\"wordCount\":1264,\"publisher\":{\"@id\":\"https:\\\/\\\/skema.eu\\\/fr\\\/#organization\"},\"image\":{\"@id\":\"https:\\\/\\\/skema.eu\\\/fr\\\/tempo-posa\\\/#primaryimage\"},\"thumbnailUrl\":\"https:\\\/\\\/skema.eu\\\/wp-content\\\/uploads\\\/2026\\\/09\\\/tempo-posa.jpg\",\"articleSection\":[\"R\u00e9alisations\"],\"inLanguage\":\"fr-FR\"},{\"@type\":\"WebPage\",\"@id\":\"https:\\\/\\\/skema.eu\\\/fr\\\/tempo-posa\\\/\",\"url\":\"https:\\\/\\\/skema.eu\\\/fr\\\/tempo-posa\\\/\",\"name\":\"Il \u201ctempo di posa\u201d - Skema\",\"isPartOf\":{\"@id\":\"https:\\\/\\\/skema.eu\\\/fr\\\/#website\"},\"primaryImageOfPage\":{\"@id\":\"https:\\\/\\\/skema.eu\\\/fr\\\/tempo-posa\\\/#primaryimage\"},\"image\":{\"@id\":\"https:\\\/\\\/skema.eu\\\/fr\\\/tempo-posa\\\/#primaryimage\"},\"thumbnailUrl\":\"https:\\\/\\\/skema.eu\\\/wp-content\\\/uploads\\\/2026\\\/09\\\/tempo-posa.jpg\",\"datePublished\":\"2026-09-03T16:50:27+00:00\",\"dateModified\":\"2026-09-03T16:51:53+00:00\",\"description\":\"Un pavimento steso sulla memoria di casa, per accompagnare una nuova stagione della vita\",\"breadcrumb\":{\"@id\":\"https:\\\/\\\/skema.eu\\\/fr\\\/tempo-posa\\\/#breadcrumb\"},\"inLanguage\":\"fr-FR\",\"potentialAction\":[{\"@type\":\"ReadAction\",\"target\":[\"https:\\\/\\\/skema.eu\\\/fr\\\/tempo-posa\\\/\"]}]},{\"@type\":\"ImageObject\",\"inLanguage\":\"fr-FR\",\"@id\":\"https:\\\/\\\/skema.eu\\\/fr\\\/tempo-posa\\\/#primaryimage\",\"url\":\"https:\\\/\\\/skema.eu\\\/wp-content\\\/uploads\\\/2026\\\/09\\\/tempo-posa.jpg\",\"contentUrl\":\"https:\\\/\\\/skema.eu\\\/wp-content\\\/uploads\\\/2026\\\/09\\\/tempo-posa.jpg\",\"width\":1920,\"height\":1080,\"caption\":\"Skema K-UNO Rovere California New\"},{\"@type\":\"BreadcrumbList\",\"@id\":\"https:\\\/\\\/skema.eu\\\/fr\\\/tempo-posa\\\/#breadcrumb\",\"itemListElement\":[{\"@type\":\"ListItem\",\"position\":1,\"name\":\"Home\",\"item\":\"https:\\\/\\\/skema.eu\\\/fr\\\/\"},{\"@type\":\"ListItem\",\"position\":2,\"name\":\"Il \u201ctempo di posa\u201d\"}]},{\"@type\":\"WebSite\",\"@id\":\"https:\\\/\\\/skema.eu\\\/fr\\\/#website\",\"url\":\"https:\\\/\\\/skema.eu\\\/fr\\\/\",\"name\":\"Skema\",\"description\":\"Superfici da Vivere\",\"publisher\":{\"@id\":\"https:\\\/\\\/skema.eu\\\/fr\\\/#organization\"},\"potentialAction\":[{\"@type\":\"SearchAction\",\"target\":{\"@type\":\"EntryPoint\",\"urlTemplate\":\"https:\\\/\\\/skema.eu\\\/fr\\\/?s={search_term_string}\"},\"query-input\":{\"@type\":\"PropertyValueSpecification\",\"valueRequired\":true,\"valueName\":\"search_term_string\"}}],\"inLanguage\":\"fr-FR\"},{\"@type\":\"Organization\",\"@id\":\"https:\\\/\\\/skema.eu\\\/fr\\\/#organization\",\"name\":\"Skema S.p.a Unipersonale\",\"url\":\"https:\\\/\\\/skema.eu\\\/fr\\\/\",\"logo\":{\"@type\":\"ImageObject\",\"inLanguage\":\"fr-FR\",\"@id\":\"https:\\\/\\\/skema.eu\\\/fr\\\/#\\\/schema\\\/logo\\\/image\\\/\",\"url\":\"https:\\\/\\\/skema.eu\\\/wp-content\\\/uploads\\\/2025\\\/04\\\/copertina-standard-sito_161202517452.webp\",\"contentUrl\":\"https:\\\/\\\/skema.eu\\\/wp-content\\\/uploads\\\/2025\\\/04\\\/copertina-standard-sito_161202517452.webp\",\"width\":600,\"height\":424,\"caption\":\"Skema S.p.a Unipersonale\"},\"image\":{\"@id\":\"https:\\\/\\\/skema.eu\\\/fr\\\/#\\\/schema\\\/logo\\\/image\\\/\"},\"sameAs\":[\"https:\\\/\\\/www.facebook.com\\\/skema.eu\"],\"address\":{\"@type\":\"PostalAddress\",\"streetAddress\":\"Via dell'Artigianato, 8\",\"postalCode\":\"31047\",\"addressLocality\":\"Ponte di Piave\",\"addressRegion\":\"TV\",\"addressCountry\":\"IT\"}},{\"@type\":\"Person\",\"@id\":\"https:\\\/\\\/skema.eu\\\/fr\\\/#\\\/schema\\\/person\\\/300bdb705c56dc472eccd8ee8ff3a908\",\"name\":\"Cristina Miseo\",\"image\":{\"@type\":\"ImageObject\",\"inLanguage\":\"fr-FR\",\"@id\":\"https:\\\/\\\/secure.gravatar.com\\\/avatar\\\/f0c051d5b5d55f11df846dbff6161d23b6b626820f66764f6e34370d4312e9af?s=96&d=mm&r=g\",\"url\":\"https:\\\/\\\/secure.gravatar.com\\\/avatar\\\/f0c051d5b5d55f11df846dbff6161d23b6b626820f66764f6e34370d4312e9af?s=96&d=mm&r=g\",\"contentUrl\":\"https:\\\/\\\/secure.gravatar.com\\\/avatar\\\/f0c051d5b5d55f11df846dbff6161d23b6b626820f66764f6e34370d4312e9af?s=96&d=mm&r=g\",\"caption\":\"Cristina Miseo\"}}]}<\/script>\n<!-- \/ Yoast SEO plugin. -->","yoast_head_json":{"title":"Il \u201ctempo di posa\u201d - Skema","description":"Un pavimento steso sulla memoria di casa, per accompagnare una nuova stagione della vita","robots":{"index":"index","follow":"follow","max-snippet":"max-snippet:-1","max-image-preview":"max-image-preview:large","max-video-preview":"max-video-preview:-1"},"canonical":"https:\/\/skema.eu\/fr\/tempo-posa\/","og_locale":"fr_FR","og_type":"article","og_title":"Il \u201ctempo di posa\u201d","og_description":"Un pavimento steso sulla memoria di casa, per accompagnare una nuova stagione della vita","og_url":"https:\/\/skema.eu\/fr\/tempo-posa\/","og_site_name":"Skema","article_publisher":"https:\/\/www.facebook.com\/skema.eu","article_published_time":"2026-09-03T16:50:27+00:00","article_modified_time":"2026-09-03T16:51:53+00:00","og_image":[{"url":"https:\/\/skema.eu\/wp-content\/uploads\/2026\/09\/tempo-posa-1600x900.jpg","type":"","width":"","height":""}],"author":"Cristina Miseo","twitter_card":"summary_large_image","twitter_misc":{"\u00c9crit par":"Cristina Miseo","Dur\u00e9e de lecture estim\u00e9e":"6 minutes"},"schema":{"@context":"https:\/\/schema.org","@graph":[{"@type":"Article","@id":"https:\/\/skema.eu\/fr\/tempo-posa\/#article","isPartOf":{"@id":"https:\/\/skema.eu\/fr\/tempo-posa\/"},"author":{"name":"Cristina Miseo","@id":"https:\/\/skema.eu\/fr\/#\/schema\/person\/300bdb705c56dc472eccd8ee8ff3a908"},"headline":"Il \u201ctempo di posa\u201d","datePublished":"2026-09-03T16:50:27+00:00","dateModified":"2026-09-03T16:51:53+00:00","mainEntityOfPage":{"@id":"https:\/\/skema.eu\/fr\/tempo-posa\/"},"wordCount":1264,"publisher":{"@id":"https:\/\/skema.eu\/fr\/#organization"},"image":{"@id":"https:\/\/skema.eu\/fr\/tempo-posa\/#primaryimage"},"thumbnailUrl":"https:\/\/skema.eu\/wp-content\/uploads\/2026\/09\/tempo-posa.jpg","articleSection":["R\u00e9alisations"],"inLanguage":"fr-FR"},{"@type":"WebPage","@id":"https:\/\/skema.eu\/fr\/tempo-posa\/","url":"https:\/\/skema.eu\/fr\/tempo-posa\/","name":"Il \u201ctempo di posa\u201d - Skema","isPartOf":{"@id":"https:\/\/skema.eu\/fr\/#website"},"primaryImageOfPage":{"@id":"https:\/\/skema.eu\/fr\/tempo-posa\/#primaryimage"},"image":{"@id":"https:\/\/skema.eu\/fr\/tempo-posa\/#primaryimage"},"thumbnailUrl":"https:\/\/skema.eu\/wp-content\/uploads\/2026\/09\/tempo-posa.jpg","datePublished":"2026-09-03T16:50:27+00:00","dateModified":"2026-09-03T16:51:53+00:00","description":"Un pavimento steso sulla memoria di casa, per accompagnare una nuova stagione della vita","breadcrumb":{"@id":"https:\/\/skema.eu\/fr\/tempo-posa\/#breadcrumb"},"inLanguage":"fr-FR","potentialAction":[{"@type":"ReadAction","target":["https:\/\/skema.eu\/fr\/tempo-posa\/"]}]},{"@type":"ImageObject","inLanguage":"fr-FR","@id":"https:\/\/skema.eu\/fr\/tempo-posa\/#primaryimage","url":"https:\/\/skema.eu\/wp-content\/uploads\/2026\/09\/tempo-posa.jpg","contentUrl":"https:\/\/skema.eu\/wp-content\/uploads\/2026\/09\/tempo-posa.jpg","width":1920,"height":1080,"caption":"Skema K-UNO Rovere California New"},{"@type":"BreadcrumbList","@id":"https:\/\/skema.eu\/fr\/tempo-posa\/#breadcrumb","itemListElement":[{"@type":"ListItem","position":1,"name":"Home","item":"https:\/\/skema.eu\/fr\/"},{"@type":"ListItem","position":2,"name":"Il \u201ctempo di posa\u201d"}]},{"@type":"WebSite","@id":"https:\/\/skema.eu\/fr\/#website","url":"https:\/\/skema.eu\/fr\/","name":"Skema","description":"Superfici da Vivere","publisher":{"@id":"https:\/\/skema.eu\/fr\/#organization"},"potentialAction":[{"@type":"SearchAction","target":{"@type":"EntryPoint","urlTemplate":"https:\/\/skema.eu\/fr\/?s={search_term_string}"},"query-input":{"@type":"PropertyValueSpecification","valueRequired":true,"valueName":"search_term_string"}}],"inLanguage":"fr-FR"},{"@type":"Organization","@id":"https:\/\/skema.eu\/fr\/#organization","name":"Skema S.p.a Unipersonale","url":"https:\/\/skema.eu\/fr\/","logo":{"@type":"ImageObject","inLanguage":"fr-FR","@id":"https:\/\/skema.eu\/fr\/#\/schema\/logo\/image\/","url":"https:\/\/skema.eu\/wp-content\/uploads\/2025\/04\/copertina-standard-sito_161202517452.webp","contentUrl":"https:\/\/skema.eu\/wp-content\/uploads\/2025\/04\/copertina-standard-sito_161202517452.webp","width":600,"height":424,"caption":"Skema S.p.a Unipersonale"},"image":{"@id":"https:\/\/skema.eu\/fr\/#\/schema\/logo\/image\/"},"sameAs":["https:\/\/www.facebook.com\/skema.eu"],"address":{"@type":"PostalAddress","streetAddress":"Via dell'Artigianato, 8","postalCode":"31047","addressLocality":"Ponte di Piave","addressRegion":"TV","addressCountry":"IT"}},{"@type":"Person","@id":"https:\/\/skema.eu\/fr\/#\/schema\/person\/300bdb705c56dc472eccd8ee8ff3a908","name":"Cristina Miseo","image":{"@type":"ImageObject","inLanguage":"fr-FR","@id":"https:\/\/secure.gravatar.com\/avatar\/f0c051d5b5d55f11df846dbff6161d23b6b626820f66764f6e34370d4312e9af?s=96&d=mm&r=g","url":"https:\/\/secure.gravatar.com\/avatar\/f0c051d5b5d55f11df846dbff6161d23b6b626820f66764f6e34370d4312e9af?s=96&d=mm&r=g","contentUrl":"https:\/\/secure.gravatar.com\/avatar\/f0c051d5b5d55f11df846dbff6161d23b6b626820f66764f6e34370d4312e9af?s=96&d=mm&r=g","caption":"Cristina Miseo"}}]}},"_links":{"self":[{"href":"https:\/\/skema.eu\/fr\/wp-json\/wp\/v2\/posts\/26573","targetHints":{"allow":["GET"]}}],"collection":[{"href":"https:\/\/skema.eu\/fr\/wp-json\/wp\/v2\/posts"}],"about":[{"href":"https:\/\/skema.eu\/fr\/wp-json\/wp\/v2\/types\/post"}],"author":[{"embeddable":true,"href":"https:\/\/skema.eu\/fr\/wp-json\/wp\/v2\/users\/9986"}],"replies":[{"embeddable":true,"href":"https:\/\/skema.eu\/fr\/wp-json\/wp\/v2\/comments?post=26573"}],"version-history":[{"count":1,"href":"https:\/\/skema.eu\/fr\/wp-json\/wp\/v2\/posts\/26573\/revisions"}],"predecessor-version":[{"id":26578,"href":"https:\/\/skema.eu\/fr\/wp-json\/wp\/v2\/posts\/26573\/revisions\/26578"}],"wp:featuredmedia":[{"embeddable":true,"href":"https:\/\/skema.eu\/fr\/wp-json\/wp\/v2\/media\/26507"}],"wp:attachment":[{"href":"https:\/\/skema.eu\/fr\/wp-json\/wp\/v2\/media?parent=26573"}],"wp:term":[{"taxonomy":"category","embeddable":true,"href":"https:\/\/skema.eu\/fr\/wp-json\/wp\/v2\/categories?post=26573"},{"taxonomy":"post_tag","embeddable":true,"href":"https:\/\/skema.eu\/fr\/wp-json\/wp\/v2\/tags?post=26573"}],"curies":[{"name":"wp","href":"https:\/\/api.w.org\/{rel}","templated":true}]}}