{"id":22799,"date":"2026-04-26T20:06:54","date_gmt":"2026-04-26T18:06:54","guid":{"rendered":"https:\/\/skema.eu\/?p=22799"},"modified":"2026-04-26T20:06:55","modified_gmt":"2026-04-26T18:06:55","slug":"global-compact-nazioni-unite-sostenibilita","status":"publish","type":"post","link":"https:\/\/skema.eu\/fr\/global-compact-nazioni-unite-sostenibilita\/","title":{"rendered":"Skema rejoint le Pacte mondial des Nations Unies : la durabilit\u00e9 devient syst\u00e8me"},"content":{"rendered":"<p>[et_pb_section fb_built=&#8221;1&#8243; _builder_version=&#8221;4.27.4&#8243; custom_padding=&#8221;0px||||false|false&#8221; locked=&#8221;off&#8221; collapsed=&#8221;off&#8221; global_colors_info=&#8221;{}&#8221;][et_pb_row custom_padding_last_edited=&#8221;on|phone&#8221; _builder_version=&#8221;4.27.4&#8243; _module_preset=&#8221;default&#8221; width=&#8221;100%&#8221; max_width=&#8221;50%&#8221; max_width_tablet=&#8221;80%&#8221; max_width_phone=&#8221;80%&#8221; max_width_last_edited=&#8221;on|tablet&#8221; custom_margin=&#8221;0px||||false|false&#8221; custom_padding=&#8221;0px||||false|false&#8221; custom_padding_tablet=&#8221;&#8221; custom_padding_phone=&#8221;0px||0px||false|false&#8221; global_colors_info=&#8221;{}&#8221;][et_pb_column type=&#8221;4_4&#8243; _builder_version=&#8221;4.27.4&#8243; _module_preset=&#8221;default&#8221; global_colors_info=&#8221;{}&#8221;][et_pb_text _builder_version=&#8221;4.27.6&#8243; _module_preset=&#8221;default&#8221; text_font_size=&#8221;36px&#8221; text_line_height=&#8221;43px&#8221; hover_enabled=&#8221;0&#8243; text_font_size_tablet=&#8221;36px&#8221; text_font_size_phone=&#8221;25px&#8221; text_font_size_last_edited=&#8221;on|phone&#8221; text_line_height_tablet=&#8221;43px&#8221; text_line_height_phone=&#8221;30px&#8221; text_line_height_last_edited=&#8221;on|phone&#8221; global_colors_info=&#8221;{}&#8221; sticky_enabled=&#8221;0&#8243;]<\/p>\n<p>Formalisation de l&#8217;adh\u00e9sion \u00e0 l&#8217;initiative des Nations Unies et au r\u00e9seau italien : une \u00e9tape qui consolide les politiques ESG et impose une responsabilit\u00e9 internationale<\/p>\n<p>[\/et_pb_text][\/et_pb_column][\/et_pb_row][et_pb_row _builder_version=&#8221;4.27.4&#8243; width=&#8221;100%&#8221; max_width=&#8221;50%&#8221; max_width_tablet=&#8221;80%&#8221; max_width_phone=&#8221;80%&#8221; max_width_last_edited=&#8221;on|tablet&#8221; custom_padding=&#8221;0px||||false|false&#8221; collapsed=&#8221;off&#8221; global_colors_info=&#8221;{}&#8221;][et_pb_column type=&#8221;4_4&#8243; _builder_version=&#8221;4.16&#8243; custom_padding=&#8221;|||&#8221; global_colors_info=&#8221;{}&#8221; custom_padding__hover=&#8221;|||&#8221;][et_pb_divider divider_style=&#8221;none&#8221; _builder_version=&#8221;4.27.4&#8243; _module_preset=&#8221;default&#8221; global_colors_info=&#8221;{}&#8221;][\/et_pb_divider][et_pb_text _builder_version=&#8221;4.27.6&#8243; _module_preset=&#8221;default&#8221; text_font_size=&#8221;18px&#8221; text_line_height=&#8221;1.8em&#8221; link_font=&#8221;||||on||||&#8221; custom_padding=&#8221;||2px|||&#8221; hover_enabled=&#8221;0&#8243; text_font_size_tablet=&#8221;18px&#8221; text_font_size_phone=&#8221;16px&#8221; text_font_size_last_edited=&#8221;on|phone&#8221; global_colors_info=&#8221;{}&#8221; sticky_enabled=&#8221;0&#8243;]<\/p>\n<p>Soutenir le <strong>Pacte mondial des Nations Unies<\/strong> est un choix bien pr\u00e9cis : celui d&#8217;engager sa gestion selon <strong>dix principes universels<\/strong> concernant les <strong>droits humains<\/strong>, le <strong>travail<\/strong>, l&#8217;<strong>environnement<\/strong>, la <strong>lutte contre la corruption<\/strong> et d&#8217;<strong>en rendre compte publiquement chaque ann\u00e9e<\/strong>. Skema a r\u00e9cemment formalis\u00e9 son adh\u00e9sion au <strong>R\u00e9seau du Pacte mondial des Nations Unies Italie<\/strong>, l&#8217;articulation territoriale de l&#8217;initiative <strong>ONU<\/strong> qui <strong>coordonne le dialogue entre entreprises, institutions et soci\u00e9t\u00e9 civile dans notre pays<\/strong>. <\/p>\n<p>[\/et_pb_text][\/et_pb_column][\/et_pb_row][et_pb_row _builder_version=&#8221;4.27.4&#8243; width=&#8221;100%&#8221; max_width=&#8221;50%&#8221; max_width_tablet=&#8221;80%&#8221; max_width_phone=&#8221;80%&#8221; max_width_last_edited=&#8221;on|tablet&#8221; custom_padding=&#8221;0px||||false|false&#8221; collapsed=&#8221;off&#8221; global_colors_info=&#8221;{}&#8221;][et_pb_column type=&#8221;4_4&#8243; _builder_version=&#8221;4.16&#8243; custom_padding=&#8221;|||&#8221; global_colors_info=&#8221;{}&#8221; custom_padding__hover=&#8221;|||&#8221;][et_pb_image src=&#8221;https:\/\/skema.eu\/wp-content\/uploads\/2026\/04\/we-support-Global-Compact.jpg&#8221; alt=&#8221;locandina screening mammografico&#8221; title_text=&#8221;nous soutenons le Pacte mondial&#8221; align=&#8221;center&#8221; _builder_version=&#8221;4.27.6&#8243; _module_preset=&#8221;default&#8221; width=&#8221;75%&#8221; hover_enabled=&#8221;0&#8243; global_colors_info=&#8221;{}&#8221; sticky_enabled=&#8221;0&#8243;][\/et_pb_image][et_pb_divider divider_style=&#8221;none&#8221; _builder_version=&#8221;4.27.4&#8243; _module_preset=&#8221;default&#8221; global_colors_info=&#8221;{}&#8221;][\/et_pb_divider][et_pb_text _builder_version=&#8221;4.27.6&#8243; _module_preset=&#8221;default&#8221; text_font_size=&#8221;18px&#8221; text_line_height=&#8221;1.8em&#8221; link_font=&#8221;||||on||||&#8221; custom_padding=&#8221;||0px|||&#8221; hover_enabled=&#8221;0&#8243; text_font_size_tablet=&#8221;18px&#8221; text_font_size_phone=&#8221;16px&#8221; text_font_size_last_edited=&#8221;on|phone&#8221; global_colors_info=&#8221;{}&#8221; sticky_enabled=&#8221;0&#8243;]<\/p>\n<h2><strong>Un engagement qui oblige<\/strong><\/h2>\n<p>L&#8217;initiative, fond\u00e9e en 2000, compte aujourd&#8217;hui plus de <strong>vingt mille entreprises<\/strong> dans plus de <strong>cent soixante pays<\/strong>. Le m\u00e9canisme est simple dans sa forme, exigeant dans sa substance : les adh\u00e9rents s&#8217;engagent \u00e0 aligner leurs strat\u00e9gies et op\u00e9rations sur les dix principes et \u00e0 d\u00e9clarer annuellement les progr\u00e8s r\u00e9alis\u00e9s par le biais d&#8217;une <strong>Communication on Progress<\/strong>. Il ne s&#8217;agit pas d&#8217;une certification. Elle ne d\u00e9livre pas de labels. Elle produit de l&#8217;<em>accountability<\/em> : la disponibilit\u00e9 \u00e0 \u00eatre mesur\u00e9, compar\u00e9, v\u00e9rifi\u00e9 par des interlocuteurs externes.    <\/p>\n<p>Le <em>R\u00e9seau<\/em> italien ajoute une dimension op\u00e9rationnelle. Il ne s&#8217;agit pas d&#8217;une association professionnelle : c&#8217;est un espace de dialogue entre acteurs h\u00e9t\u00e9rog\u00e8nes, orient\u00e9 vers la production de connaissances appliqu\u00e9es et l&#8217;activation de <em>partenariats<\/em> li\u00e9s aux <strong>Objectifs de d\u00e9veloppement durable de l&#8217;Agenda 2030<\/strong>. Pour une PME \u00e0 vocation internationale, l&#8217;acc\u00e8s \u00e0 cet \u00e9cosyst\u00e8me a une valeur concr\u00e8te : <strong>il anticipe les tendances r\u00e9glementaires, ouvre des relations institutionnelles, permet de comparer ses pratiques avec des acteurs op\u00e9rant dans des secteurs et des zones g\u00e9ographiques diff\u00e9rents<\/strong>.  <\/p>\n<h2><strong>Le parcours qui pr\u00e9c\u00e8de l&#8217;annonce<\/strong><\/h2>\n<p>L&#8217;adh\u00e9sion ne na\u00eet pas de mani\u00e8re spontan\u00e9e. Skema a publi\u00e9 son premier <strong><span style=\"text-decoration: line-through;\">Bilan<\/span> Rapport de durabilit\u00e9<\/strong>, fin 2025, r\u00e9dig\u00e9 selon le <strong>Voluntary Sustainability Reporting Standard for SMEs (VSME)<\/strong>, le <em>standard<\/em> europ\u00e9en promu par l&#8217;<strong>EFRAG<\/strong> pour les petites et moyennes entreprises. Le document formalise un <strong>parcours ESG<\/strong> d\u00e9j\u00e0 engag\u00e9 : certifications environnementales <strong>ISO 14001<\/strong> et qualit\u00e9 <strong>ISO 9001<\/strong>, certifications de produit <strong>FSC<\/strong> et <strong>PEFC<\/strong> sur la fili\u00e8re <span style=\"text-decoration: line-through;\">bois<\/span>, adh\u00e9sion aux <strong>Crit\u00e8res environnementaux minimaux<\/strong> pour le march\u00e9 public, <strong>installation photovolta\u00efque<\/strong> active depuis 2018.  <\/p>\n<p>Le bilan n&#8217;est pas le point d&#8217;arriv\u00e9e. C&#8217;est l&#8217;outil qui rend visible et comparable ce que l&#8217;entreprise fait. Le Pacte mondial des Nations Unies est le contexte international dans lequel cette visibilit\u00e9 devient engagement contraignant.  <\/p>\n<h2><strong>Pourquoi cela compte pour ceux qui con\u00e7oivent<\/strong><\/h2>\n<p>Pour ceux qui con\u00e7oivent des espaces, architectes, <em>designers d&#8217;int\u00e9rieur<\/em>, <em>entrepreneurs<\/em>, la durabilit\u00e9 d&#8217;un fournisseur n&#8217;est pas une variable accessoire. Elle influe sur la documentation de l&#8217;ouvrage, sur la <em>conformit\u00e9<\/em> dans les march\u00e9s publics, sur la qualit\u00e9 certifiable de l&#8217;environnement construit. <\/p>\n<p>En ce sens, l&#8217;adh\u00e9sion au Pacte mondial a des implications qui vont au-del\u00e0 de la gouvernance interne. Elle renforce la lisibilit\u00e9 de l&#8217;offre aupr\u00e8s d&#8217;interlocuteurs, publics et priv\u00e9s, qui exigent de plus en plus souvent une <strong>documentation v\u00e9rifiable sur la fili\u00e8re<\/strong>, les <strong>\u00e9missions et les conditions de travail<\/strong> tout au long de la cha\u00eene d&#8217;approvisionnement. Un contexte normatif, de la <strong>CSRD europ\u00e9enne<\/strong> aux directives sur le <em>devoir de vigilance<\/em>, qui d\u00e9place rapidement ces exigences du statut d&#8217;optionnelles \u00e0 celui de structurelles.  <\/p>\n<p><em>\u00ab Il ne s&#8217;agit pas d&#8217;introduire de nouveaux principes, mais de renforcer la capacit\u00e9 de les int\u00e9grer de mani\u00e8re syst\u00e9mique dans nos strat\u00e9gies \u00bb \u2013<\/em> tels sont les mots de <strong>Sonia Venaruzzo<\/strong>, <em>Chief Strategy Officer<\/em>, Skema \u2013 \u00ab <em>Rejoindre un r\u00e9seau international signifie accepter le d\u00e9fi de la transparence et du dialogue continu : des \u00e9l\u00e9ments indispensables pour transformer les objectifs de durabilit\u00e9 en r\u00e9sultats mesurables \u00bb.<\/em><\/p>\n<h2><strong>Un p\u00e9rim\u00e8tre, pas un aboutissement<\/strong><\/h2>\n<p>Les mat\u00e9riaux pour la construction ne sont pas de simples objets de consommation. Ils durent des d\u00e9cennies, habitent les espaces, conditionnent la qualit\u00e9 de l&#8217;air et le <em>confort<\/em> acoustique des environnements. Leur empreinte environnementale ne s&#8217;arr\u00eate pas \u00e0 la livraison : elle s&#8217;\u00e9tend dans le temps, \u00e0 travers l&#8217;usage et jusqu&#8217;\u00e0 la fin de vie. Pour une entreprise qui op\u00e8re dans ce secteur, la durabilit\u00e9 n&#8217;est pas un choix de positionnement. C&#8217;est une responsabilit\u00e9 technique, documentable, imputable.    <\/p>\n<p>La valeur d&#8217;un <em>cadre<\/em> comme le <strong><a href=\"https:\/\/www.globalcompactnetwork.org\/it\/\" target=\"_blank\" rel=\"noopener\">Pacte mondial<\/a><\/strong> ne se mesure pas seulement au sein de l&#8217;entreprise qui l&#8217;adopte. Chaque entreprise qui porte le reporting ESG \u00e0 un niveau de rigueur et de comparabilit\u00e9 internationale contribue, de fait, \u00e0 \u00e9lever le niveau du secteur, rendant plus lisible, pour les concepteurs, les ma\u00eetres d&#8217;ouvrage et les investisseurs, la diff\u00e9rence entre ceux qui ont construit un syst\u00e8me et ceux qui ont fait une d\u00e9claration. Pour Skema, qui op\u00e8re dans une fili\u00e8re mondiale du bois encore en phase de maturation sur ces th\u00e8mes, c&#8217;est peut-\u00eatre le r\u00e9sultat le moins visible de l&#8217;adh\u00e9sion. Et probablement le plus durable.   <\/p>\n<p>[\/et_pb_text][\/et_pb_column][\/et_pb_row][\/et_pb_section]<\/p>\n","protected":false},"excerpt":{"rendered":"<p>Soutenir le Pacte mondial des Nations Unies est un choix bien pr\u00e9cis : celui d&#8217;engager sa gestion selon dix principes universels concernant les droits humains, le travail, l&#8217;environnement, la lutte contre la corruption et d&#8217;en rendre compte publiquement chaque ann\u00e9e. <\/p>\n","protected":false},"author":9986,"featured_media":22784,"comment_status":"closed","ping_status":"closed","sticky":true,"template":"","format":"standard","meta":{"_acf_changed":false,"_et_pb_use_builder":"on","_et_pb_old_content":"","_et_gb_content_width":"","inline_featured_image":false,"footnotes":""},"categories":[314],"tags":[],"class_list":["post-22799","post","type-post","status-publish","format-standard","has-post-thumbnail","hentry","category-nouvelles"],"acf":[],"yoast_head":"<!-- This site is optimized with the Yoast SEO plugin v27.1.1 - https:\/\/yoast.com\/product\/yoast-seo-wordpress\/ -->\n<title>Skema rejoint le Pacte mondial des Nations Unies : la durabilit\u00e9 devient syst\u00e8me - Skema<\/title>\n<meta name=\"description\" content=\"Soutenir le Pacte mondial des Nations Unies est un choix bien pr\u00e9cis : celui d&#039;engager sa gestion selon dix principes universels concernant les droits humains, le travail, l&#039;environnement, la lutte contre la corruption et d&#039;en rendre compte publiquement chaque ann\u00e9e.\" \/>\n<meta name=\"robots\" content=\"index, follow, max-snippet:-1, max-image-preview:large, max-video-preview:-1\" \/>\n<link rel=\"canonical\" href=\"https:\/\/skema.eu\/fr\/global-compact-nazioni-unite-sostenibilita\/\" \/>\n<meta property=\"og:locale\" content=\"fr_FR\" \/>\n<meta property=\"og:type\" content=\"article\" \/>\n<meta property=\"og:title\" content=\"Skema rejoint le Pacte mondial des Nations Unies : la durabilit\u00e9 devient syst\u00e8me\" \/>\n<meta property=\"og:description\" content=\"Soutenir le Pacte mondial des Nations Unies est un choix bien pr\u00e9cis : celui d&#039;engager sa gestion selon dix principes universels concernant les droits humains, le travail, l&#039;environnement, la lutte contre la corruption et d&#039;en rendre compte publiquement chaque ann\u00e9e.\" \/>\n<meta property=\"og:url\" content=\"https:\/\/skema.eu\/fr\/global-compact-nazioni-unite-sostenibilita\/\" \/>\n<meta property=\"og:site_name\" content=\"Skema\" \/>\n<meta property=\"article:publisher\" content=\"https:\/\/www.facebook.com\/skema.eu\" \/>\n<meta property=\"article:published_time\" content=\"2026-04-26T18:06:54+00:00\" \/>\n<meta property=\"article:modified_time\" content=\"2026-04-26T18:06:55+00:00\" \/>\n<meta property=\"og:image\" content=\"https:\/\/skema.eu\/wp-content\/uploads\/2026\/04\/we-support-Global-Compact.jpg\" \/>\n\t<meta property=\"og:image:width\" content=\"1280\" \/>\n\t<meta property=\"og:image:height\" content=\"853\" \/>\n\t<meta property=\"og:image:type\" content=\"image\/jpeg\" \/>\n<meta name=\"author\" content=\"Cristina Miseo\" \/>\n<meta name=\"twitter:card\" content=\"summary_large_image\" \/>\n<meta name=\"twitter:label1\" content=\"\u00c9crit par\" \/>\n\t<meta name=\"twitter:data1\" content=\"Cristina Miseo\" \/>\n\t<meta name=\"twitter:label2\" content=\"Dur\u00e9e de lecture estim\u00e9e\" \/>\n\t<meta name=\"twitter:data2\" content=\"4 minutes\" \/>\n<script type=\"application\/ld+json\" class=\"yoast-schema-graph\">{\"@context\":\"https:\/\/schema.org\",\"@graph\":[{\"@type\":\"Article\",\"@id\":\"https:\/\/skema.eu\/fr\/global-compact-nazioni-unite-sostenibilita\/#article\",\"isPartOf\":{\"@id\":\"https:\/\/skema.eu\/fr\/global-compact-nazioni-unite-sostenibilita\/\"},\"author\":{\"name\":\"Cristina Miseo\",\"@id\":\"https:\/\/skema.eu\/fr\/#\/schema\/person\/300bdb705c56dc472eccd8ee8ff3a908\"},\"headline\":\"Skema rejoint le Pacte mondial des Nations Unies : la durabilit\u00e9 devient syst\u00e8me\",\"datePublished\":\"2026-04-26T18:06:54+00:00\",\"dateModified\":\"2026-04-26T18:06:55+00:00\",\"mainEntityOfPage\":{\"@id\":\"https:\/\/skema.eu\/fr\/global-compact-nazioni-unite-sostenibilita\/\"},\"wordCount\":1313,\"publisher\":{\"@id\":\"https:\/\/skema.eu\/fr\/#organization\"},\"image\":{\"@id\":\"https:\/\/skema.eu\/fr\/global-compact-nazioni-unite-sostenibilita\/#primaryimage\"},\"thumbnailUrl\":\"https:\/\/skema.eu\/wp-content\/uploads\/2026\/04\/Global-Compact-Nazioni-Unite.jpg\",\"articleSection\":[\"Nouvelles\"],\"inLanguage\":\"fr-FR\"},{\"@type\":\"WebPage\",\"@id\":\"https:\/\/skema.eu\/fr\/global-compact-nazioni-unite-sostenibilita\/\",\"url\":\"https:\/\/skema.eu\/fr\/global-compact-nazioni-unite-sostenibilita\/\",\"name\":\"Skema rejoint le Pacte mondial des Nations Unies : la durabilit\u00e9 devient syst\u00e8me - Skema\",\"isPartOf\":{\"@id\":\"https:\/\/skema.eu\/fr\/#website\"},\"primaryImageOfPage\":{\"@id\":\"https:\/\/skema.eu\/fr\/global-compact-nazioni-unite-sostenibilita\/#primaryimage\"},\"image\":{\"@id\":\"https:\/\/skema.eu\/fr\/global-compact-nazioni-unite-sostenibilita\/#primaryimage\"},\"thumbnailUrl\":\"https:\/\/skema.eu\/wp-content\/uploads\/2026\/04\/Global-Compact-Nazioni-Unite.jpg\",\"datePublished\":\"2026-04-26T18:06:54+00:00\",\"dateModified\":\"2026-04-26T18:06:55+00:00\",\"description\":\"Soutenir le Pacte mondial des Nations Unies est un choix bien pr\u00e9cis : celui d'engager sa gestion selon dix principes universels concernant les droits humains, le travail, l'environnement, la lutte contre la corruption et d'en rendre compte publiquement chaque ann\u00e9e.\",\"breadcrumb\":{\"@id\":\"https:\/\/skema.eu\/fr\/global-compact-nazioni-unite-sostenibilita\/#breadcrumb\"},\"inLanguage\":\"fr-FR\",\"potentialAction\":[{\"@type\":\"ReadAction\",\"target\":[\"https:\/\/skema.eu\/fr\/global-compact-nazioni-unite-sostenibilita\/\"]}]},{\"@type\":\"ImageObject\",\"inLanguage\":\"fr-FR\",\"@id\":\"https:\/\/skema.eu\/fr\/global-compact-nazioni-unite-sostenibilita\/#primaryimage\",\"url\":\"https:\/\/skema.eu\/wp-content\/uploads\/2026\/04\/Global-Compact-Nazioni-Unite.jpg\",\"contentUrl\":\"https:\/\/skema.eu\/wp-content\/uploads\/2026\/04\/Global-Compact-Nazioni-Unite.jpg\",\"width\":1920,\"height\":1280,\"caption\":\"Global Compact Nazioni Unite\"},{\"@type\":\"BreadcrumbList\",\"@id\":\"https:\/\/skema.eu\/fr\/global-compact-nazioni-unite-sostenibilita\/#breadcrumb\",\"itemListElement\":[{\"@type\":\"ListItem\",\"position\":1,\"name\":\"Home\",\"item\":\"https:\/\/skema.eu\/fr\/\"},{\"@type\":\"ListItem\",\"position\":2,\"name\":\"Skema rejoint le Pacte mondial des Nations Unies : la durabilit\u00e9 devient syst\u00e8me\"}]},{\"@type\":\"WebSite\",\"@id\":\"https:\/\/skema.eu\/fr\/#website\",\"url\":\"https:\/\/skema.eu\/fr\/\",\"name\":\"Skema\",\"description\":\"Superfici da Vivere\",\"publisher\":{\"@id\":\"https:\/\/skema.eu\/fr\/#organization\"},\"potentialAction\":[{\"@type\":\"SearchAction\",\"target\":{\"@type\":\"EntryPoint\",\"urlTemplate\":\"https:\/\/skema.eu\/fr\/?s={search_term_string}\"},\"query-input\":{\"@type\":\"PropertyValueSpecification\",\"valueRequired\":true,\"valueName\":\"search_term_string\"}}],\"inLanguage\":\"fr-FR\"},{\"@type\":\"Organization\",\"@id\":\"https:\/\/skema.eu\/fr\/#organization\",\"name\":\"Skema S.p.a Unipersonale\",\"url\":\"https:\/\/skema.eu\/fr\/\",\"logo\":{\"@type\":\"ImageObject\",\"inLanguage\":\"fr-FR\",\"@id\":\"https:\/\/skema.eu\/fr\/#\/schema\/logo\/image\/\",\"url\":\"https:\/\/skema.eu\/wp-content\/uploads\/2025\/04\/copertina-standard-sito_161202517452.webp\",\"contentUrl\":\"https:\/\/skema.eu\/wp-content\/uploads\/2025\/04\/copertina-standard-sito_161202517452.webp\",\"width\":600,\"height\":424,\"caption\":\"Skema S.p.a Unipersonale\"},\"image\":{\"@id\":\"https:\/\/skema.eu\/fr\/#\/schema\/logo\/image\/\"},\"sameAs\":[\"https:\/\/www.facebook.com\/skema.eu\"]},{\"@type\":\"Person\",\"@id\":\"https:\/\/skema.eu\/fr\/#\/schema\/person\/300bdb705c56dc472eccd8ee8ff3a908\",\"name\":\"Cristina Miseo\",\"image\":{\"@type\":\"ImageObject\",\"inLanguage\":\"fr-FR\",\"@id\":\"https:\/\/skema.eu\/fr\/#\/schema\/person\/image\/\",\"url\":\"https:\/\/secure.gravatar.com\/avatar\/f0c051d5b5d55f11df846dbff6161d23b6b626820f66764f6e34370d4312e9af?s=96&d=mm&r=g\",\"contentUrl\":\"https:\/\/secure.gravatar.com\/avatar\/f0c051d5b5d55f11df846dbff6161d23b6b626820f66764f6e34370d4312e9af?s=96&d=mm&r=g\",\"caption\":\"Cristina Miseo\"}}]}<\/script>\n<!-- \/ Yoast SEO plugin. -->","yoast_head_json":{"title":"Skema rejoint le Pacte mondial des Nations Unies : la durabilit\u00e9 devient syst\u00e8me - Skema","description":"Soutenir le Pacte mondial des Nations Unies est un choix bien pr\u00e9cis : celui d'engager sa gestion selon dix principes universels concernant les droits humains, le travail, l'environnement, la lutte contre la corruption et d'en rendre compte publiquement chaque ann\u00e9e.","robots":{"index":"index","follow":"follow","max-snippet":"max-snippet:-1","max-image-preview":"max-image-preview:large","max-video-preview":"max-video-preview:-1"},"canonical":"https:\/\/skema.eu\/fr\/global-compact-nazioni-unite-sostenibilita\/","og_locale":"fr_FR","og_type":"article","og_title":"Skema rejoint le Pacte mondial des Nations Unies : la durabilit\u00e9 devient syst\u00e8me","og_description":"Soutenir le Pacte mondial des Nations Unies est un choix bien pr\u00e9cis : celui d'engager sa gestion selon dix principes universels concernant les droits humains, le travail, l'environnement, la lutte contre la corruption et d'en rendre compte publiquement chaque ann\u00e9e.","og_url":"https:\/\/skema.eu\/fr\/global-compact-nazioni-unite-sostenibilita\/","og_site_name":"Skema","article_publisher":"https:\/\/www.facebook.com\/skema.eu","article_published_time":"2026-04-26T18:06:54+00:00","article_modified_time":"2026-04-26T18:06:55+00:00","og_image":[{"width":1280,"height":853,"url":"https:\/\/skema.eu\/wp-content\/uploads\/2026\/04\/we-support-Global-Compact.jpg","type":"image\/jpeg"}],"author":"Cristina Miseo","twitter_card":"summary_large_image","twitter_misc":{"\u00c9crit par":"Cristina Miseo","Dur\u00e9e de lecture estim\u00e9e":"4 minutes"},"schema":{"@context":"https:\/\/schema.org","@graph":[{"@type":"Article","@id":"https:\/\/skema.eu\/fr\/global-compact-nazioni-unite-sostenibilita\/#article","isPartOf":{"@id":"https:\/\/skema.eu\/fr\/global-compact-nazioni-unite-sostenibilita\/"},"author":{"name":"Cristina Miseo","@id":"https:\/\/skema.eu\/fr\/#\/schema\/person\/300bdb705c56dc472eccd8ee8ff3a908"},"headline":"Skema rejoint le Pacte mondial des Nations Unies : la durabilit\u00e9 devient syst\u00e8me","datePublished":"2026-04-26T18:06:54+00:00","dateModified":"2026-04-26T18:06:55+00:00","mainEntityOfPage":{"@id":"https:\/\/skema.eu\/fr\/global-compact-nazioni-unite-sostenibilita\/"},"wordCount":1313,"publisher":{"@id":"https:\/\/skema.eu\/fr\/#organization"},"image":{"@id":"https:\/\/skema.eu\/fr\/global-compact-nazioni-unite-sostenibilita\/#primaryimage"},"thumbnailUrl":"https:\/\/skema.eu\/wp-content\/uploads\/2026\/04\/Global-Compact-Nazioni-Unite.jpg","articleSection":["Nouvelles"],"inLanguage":"fr-FR"},{"@type":"WebPage","@id":"https:\/\/skema.eu\/fr\/global-compact-nazioni-unite-sostenibilita\/","url":"https:\/\/skema.eu\/fr\/global-compact-nazioni-unite-sostenibilita\/","name":"Skema rejoint le Pacte mondial des Nations Unies : la durabilit\u00e9 devient syst\u00e8me - Skema","isPartOf":{"@id":"https:\/\/skema.eu\/fr\/#website"},"primaryImageOfPage":{"@id":"https:\/\/skema.eu\/fr\/global-compact-nazioni-unite-sostenibilita\/#primaryimage"},"image":{"@id":"https:\/\/skema.eu\/fr\/global-compact-nazioni-unite-sostenibilita\/#primaryimage"},"thumbnailUrl":"https:\/\/skema.eu\/wp-content\/uploads\/2026\/04\/Global-Compact-Nazioni-Unite.jpg","datePublished":"2026-04-26T18:06:54+00:00","dateModified":"2026-04-26T18:06:55+00:00","description":"Soutenir le Pacte mondial des Nations Unies est un choix bien pr\u00e9cis : celui d'engager sa gestion selon dix principes universels concernant les droits humains, le travail, l'environnement, la lutte contre la corruption et d'en rendre compte publiquement chaque ann\u00e9e.","breadcrumb":{"@id":"https:\/\/skema.eu\/fr\/global-compact-nazioni-unite-sostenibilita\/#breadcrumb"},"inLanguage":"fr-FR","potentialAction":[{"@type":"ReadAction","target":["https:\/\/skema.eu\/fr\/global-compact-nazioni-unite-sostenibilita\/"]}]},{"@type":"ImageObject","inLanguage":"fr-FR","@id":"https:\/\/skema.eu\/fr\/global-compact-nazioni-unite-sostenibilita\/#primaryimage","url":"https:\/\/skema.eu\/wp-content\/uploads\/2026\/04\/Global-Compact-Nazioni-Unite.jpg","contentUrl":"https:\/\/skema.eu\/wp-content\/uploads\/2026\/04\/Global-Compact-Nazioni-Unite.jpg","width":1920,"height":1280,"caption":"Global Compact Nazioni Unite"},{"@type":"BreadcrumbList","@id":"https:\/\/skema.eu\/fr\/global-compact-nazioni-unite-sostenibilita\/#breadcrumb","itemListElement":[{"@type":"ListItem","position":1,"name":"Home","item":"https:\/\/skema.eu\/fr\/"},{"@type":"ListItem","position":2,"name":"Skema rejoint le Pacte mondial des Nations Unies : la durabilit\u00e9 devient syst\u00e8me"}]},{"@type":"WebSite","@id":"https:\/\/skema.eu\/fr\/#website","url":"https:\/\/skema.eu\/fr\/","name":"Skema","description":"Superfici da Vivere","publisher":{"@id":"https:\/\/skema.eu\/fr\/#organization"},"potentialAction":[{"@type":"SearchAction","target":{"@type":"EntryPoint","urlTemplate":"https:\/\/skema.eu\/fr\/?s={search_term_string}"},"query-input":{"@type":"PropertyValueSpecification","valueRequired":true,"valueName":"search_term_string"}}],"inLanguage":"fr-FR"},{"@type":"Organization","@id":"https:\/\/skema.eu\/fr\/#organization","name":"Skema S.p.a Unipersonale","url":"https:\/\/skema.eu\/fr\/","logo":{"@type":"ImageObject","inLanguage":"fr-FR","@id":"https:\/\/skema.eu\/fr\/#\/schema\/logo\/image\/","url":"https:\/\/skema.eu\/wp-content\/uploads\/2025\/04\/copertina-standard-sito_161202517452.webp","contentUrl":"https:\/\/skema.eu\/wp-content\/uploads\/2025\/04\/copertina-standard-sito_161202517452.webp","width":600,"height":424,"caption":"Skema S.p.a Unipersonale"},"image":{"@id":"https:\/\/skema.eu\/fr\/#\/schema\/logo\/image\/"},"sameAs":["https:\/\/www.facebook.com\/skema.eu"]},{"@type":"Person","@id":"https:\/\/skema.eu\/fr\/#\/schema\/person\/300bdb705c56dc472eccd8ee8ff3a908","name":"Cristina Miseo","image":{"@type":"ImageObject","inLanguage":"fr-FR","@id":"https:\/\/skema.eu\/fr\/#\/schema\/person\/image\/","url":"https:\/\/secure.gravatar.com\/avatar\/f0c051d5b5d55f11df846dbff6161d23b6b626820f66764f6e34370d4312e9af?s=96&d=mm&r=g","contentUrl":"https:\/\/secure.gravatar.com\/avatar\/f0c051d5b5d55f11df846dbff6161d23b6b626820f66764f6e34370d4312e9af?s=96&d=mm&r=g","caption":"Cristina Miseo"}}]}},"_links":{"self":[{"href":"https:\/\/skema.eu\/fr\/wp-json\/wp\/v2\/posts\/22799","targetHints":{"allow":["GET"]}}],"collection":[{"href":"https:\/\/skema.eu\/fr\/wp-json\/wp\/v2\/posts"}],"about":[{"href":"https:\/\/skema.eu\/fr\/wp-json\/wp\/v2\/types\/post"}],"author":[{"embeddable":true,"href":"https:\/\/skema.eu\/fr\/wp-json\/wp\/v2\/users\/9986"}],"replies":[{"embeddable":true,"href":"https:\/\/skema.eu\/fr\/wp-json\/wp\/v2\/comments?post=22799"}],"version-history":[{"count":5,"href":"https:\/\/skema.eu\/fr\/wp-json\/wp\/v2\/posts\/22799\/revisions"}],"predecessor-version":[{"id":22809,"href":"https:\/\/skema.eu\/fr\/wp-json\/wp\/v2\/posts\/22799\/revisions\/22809"}],"wp:featuredmedia":[{"embeddable":true,"href":"https:\/\/skema.eu\/fr\/wp-json\/wp\/v2\/media\/22784"}],"wp:attachment":[{"href":"https:\/\/skema.eu\/fr\/wp-json\/wp\/v2\/media?parent=22799"}],"wp:term":[{"taxonomy":"category","embeddable":true,"href":"https:\/\/skema.eu\/fr\/wp-json\/wp\/v2\/categories?post=22799"},{"taxonomy":"post_tag","embeddable":true,"href":"https:\/\/skema.eu\/fr\/wp-json\/wp\/v2\/tags?post=22799"}],"curies":[{"name":"wp","href":"https:\/\/api.w.org\/{rel}","templated":true}]}}