{"id":20856,"date":"2025-12-08T16:01:32","date_gmt":"2025-12-08T15:01:32","guid":{"rendered":"https:\/\/skema.eu\/?p=20856"},"modified":"2025-12-09T19:59:26","modified_gmt":"2025-12-09T18:59:26","slug":"concevoir-la-couleur-une-approche-sur-mesure-pour-les-espaces-contemporains","status":"publish","type":"post","link":"https:\/\/skema.eu\/fr\/concevoir-la-couleur-une-approche-sur-mesure-pour-les-espaces-contemporains\/","title":{"rendered":"Concevoir la couleur: une approche sur mesure pour les espaces contemporains"},"content":{"rendered":"<p>[et_pb_section fb_built=&#8221;1&#8243; _builder_version=&#8221;4.27.4&#8243; _module_preset=&#8221;default&#8221; locked=&#8221;off&#8221; global_colors_info=&#8221;{}&#8221;][et_pb_row custom_padding_last_edited=&#8221;on|phone&#8221; _builder_version=&#8221;4.27.4&#8243; _module_preset=&#8221;default&#8221; width=&#8221;100%&#8221; max_width=&#8221;50%&#8221; max_width_tablet=&#8221;80%&#8221; max_width_phone=&#8221;80%&#8221; max_width_last_edited=&#8221;on|tablet&#8221; custom_padding_tablet=&#8221;&#8221; custom_padding_phone=&#8221;0px||0px||false|false&#8221; global_colors_info=&#8221;{}&#8221;][et_pb_column type=&#8221;4_4&#8243; _builder_version=&#8221;4.27.4&#8243; _module_preset=&#8221;default&#8221; global_colors_info=&#8221;{}&#8221;][et_pb_text _builder_version=&#8221;4.27.4&#8243; _module_preset=&#8221;default&#8221; text_font_size=&#8221;36px&#8221; text_line_height=&#8221;43px&#8221; text_font_size_tablet=&#8221;36px&#8221; text_font_size_phone=&#8221;25px&#8221; text_font_size_last_edited=&#8221;on|phone&#8221; text_line_height_tablet=&#8221;43px&#8221; text_line_height_phone=&#8221;30px&#8221; text_line_height_last_edited=&#8221;on|phone&#8221; global_colors_info=&#8221;{}&#8221;]<\/p>\n<p>Daniele Iotti, designer des finitions chez Arcobalenocolorlab, raconte comment l\u2019association entre sols et finitions murales est devenue un processus d\u2019\u00e9coute et de personnalisation.<\/p>\n<p>[\/et_pb_text][\/et_pb_column][\/et_pb_row][\/et_pb_section][et_pb_section fb_built=&#8221;1&#8243; _builder_version=&#8221;4.27.4&#8243; _module_preset=&#8221;default&#8221; custom_padding=&#8221;0px||0px||true|false&#8221; locked=&#8221;off&#8221; global_colors_info=&#8221;{}&#8221;][et_pb_row _builder_version=&#8221;4.27.4&#8243; _module_preset=&#8221;default&#8221; custom_padding=&#8221;0px||0px||true|false&#8221; global_colors_info=&#8221;{}&#8221;][et_pb_column type=&#8221;4_4&#8243; _builder_version=&#8221;4.27.4&#8243; _module_preset=&#8221;default&#8221; global_colors_info=&#8221;{}&#8221;][et_pb_image src=&#8221;https:\/\/skema.eu\/wp-content\/uploads\/2025\/12\/Progettare-colore.jpg&#8221; alt=&#8221;Concevoir la couleur&#8221; title_text=&#8221;Concevoir la couleur&#8221; align=&#8221;center&#8221; force_fullwidth=&#8221;on&#8221; admin_label=&#8221;Immagine&#8221; _builder_version=&#8221;4.27.4&#8243; _module_preset=&#8221;default&#8221; global_colors_info=&#8221;{}&#8221;][\/et_pb_image][\/et_pb_column][\/et_pb_row][\/et_pb_section][et_pb_section fb_built=&#8221;1&#8243; _builder_version=&#8221;4.16&#8243; locked=&#8221;off&#8221; collapsed=&#8221;off&#8221; global_colors_info=&#8221;{}&#8221;][et_pb_row _builder_version=&#8221;4.27.4&#8243; width=&#8221;100%&#8221; max_width=&#8221;50%&#8221; max_width_tablet=&#8221;80%&#8221; max_width_phone=&#8221;80%&#8221; max_width_last_edited=&#8221;on|tablet&#8221; custom_padding=&#8221;0px||||false|false&#8221; collapsed=&#8221;off&#8221; global_colors_info=&#8221;{}&#8221;][et_pb_column type=&#8221;4_4&#8243; _builder_version=&#8221;4.16&#8243; custom_padding=&#8221;|||&#8221; global_colors_info=&#8221;{}&#8221; custom_padding__hover=&#8221;|||&#8221;][et_pb_text _builder_version=&#8221;4.27.4&#8243; _module_preset=&#8221;default&#8221; text_font_size=&#8221;18px&#8221; text_line_height=&#8221;1.8em&#8221; link_font=&#8221;||||on||||&#8221; text_font_size_tablet=&#8221;18px&#8221; text_font_size_phone=&#8221;16px&#8221; text_font_size_last_edited=&#8221;on|phone&#8221; global_colors_info=&#8221;{}&#8221;]<\/p>\n<p>Dans le domaine du design d\u2019int\u00e9rieur, l\u2019association entre sols et finitions murales ne suit plus des r\u00e8gles pr\u00e9\u00e9tablies: elle s\u2019est transform\u00e9e en un processus d\u2019\u00e9coute attentive et de personnalisation. Un changement qui refl\u00e8te une nouvelle conscience: les espaces sont des lieux \u00e0 vivre \u00e9motionnellement, et pas seulement fonctionnellement.<\/p>\n<p>[\/et_pb_text][et_pb_text _builder_version=&#8221;4.27.4&#8243; _module_preset=&#8221;default&#8221; text_font_size=&#8221;18px&#8221; text_line_height=&#8221;1.8em&#8221; header_3_font_size=&#8221;36px&#8221; custom_margin=&#8221;5%||1%||false|false&#8221; locked=&#8221;off&#8221; global_colors_info=&#8221;{}&#8221;]<\/p>\n<h3>Il colore come progetto personale<\/h3>\n<p>[\/et_pb_text][et_pb_text _builder_version=&#8221;4.27.4&#8243; _module_preset=&#8221;default&#8221; text_font_size=&#8221;18px&#8221; text_line_height=&#8221;1.8em&#8221; link_font=&#8221;||||on||||&#8221; custom_padding=&#8221;||0px|||&#8221; text_font_size_tablet=&#8221;18px&#8221; text_font_size_phone=&#8221;16px&#8221; text_font_size_last_edited=&#8221;on|phone&#8221; global_colors_info=&#8221;{}&#8221;]<\/p>\n<p>\u00ab <em>Il n\u2019existe plus de tendance ou de mode qui impose la couleur \u00e0 utiliser; il existe plut\u00f4t une conscience du fait qu\u2019il faut la concevoir<\/em>\u00bb, explique le designer Daniele Iotti. \u00ab<em>La couleur devient quelque chose de vraiment subjectif, \u00e0 int\u00e9grer dans les espaces selon de nombreux crit\u00e8res personnels.<\/em> \u00bb<\/p>\n<p>Cette \u00e9volution marque le d\u00e9passement d\u2019affirmations simplistes et g\u00e9n\u00e9ralistes comme \u00ab le vert d\u00e9tend \u00bb ou \u00ab le rouge excite \u00bb. Chaque personne porte un bagage inconscient d\u2019associations chromatiques qui peut renverser les conventions. C\u2019est pourquoi Daniele adopte une approche fond\u00e9e sur le dialogue et l\u2019observation: \u00ab <em>C\u2019est comme si le projet naissait naturellement de la conversation. <\/em><em>On parle avec le client, on cherche \u00e0 comprendre\u2014au-del\u00e0 des exigences techniques\u2014ce qu\u2019il recherche vraiment<\/em>. \u00bb<\/p>\n<p>[\/et_pb_text][et_pb_image src=&#8221;https:\/\/skema.eu\/wp-content\/uploads\/2025\/12\/Daniele-Iotti-designer-2.jpg&#8221; alt=&#8221;Daniele Iotti designer&#8221; title_text=&#8221;Daniele Iotti designer&#8221; _builder_version=&#8221;4.27.4&#8243; _module_preset=&#8221;default&#8221; global_colors_info=&#8221;{}&#8221;][\/et_pb_image][et_pb_text _builder_version=&#8221;4.27.4&#8243; _module_preset=&#8221;default&#8221; text_font_size=&#8221;18px&#8221; text_line_height=&#8221;1.8em&#8221; header_3_font_size=&#8221;36px&#8221; custom_margin=&#8221;5%||1%||false|false&#8221; locked=&#8221;off&#8221; global_colors_info=&#8221;{}&#8221;]<\/p>\n<h3>L&#8217;importanza della materia<\/h3>\n<p>[\/et_pb_text][et_pb_text _builder_version=&#8221;4.27.4&#8243; _module_preset=&#8221;default&#8221; text_font_size=&#8221;18px&#8221; text_line_height=&#8221;1.8em&#8221; link_font=&#8221;||||on||||&#8221; custom_padding=&#8221;||0px|||&#8221; text_font_size_tablet=&#8221;18px&#8221; text_font_size_phone=&#8221;16px&#8221; text_font_size_last_edited=&#8221;on|phone&#8221; global_colors_info=&#8221;{}&#8221;]<\/p>\n<p>Dans ce processus, le sol joue un r\u00f4le fondamental. Ce n\u2019est pas seulement une surface, mais un \u00e9l\u00e9ment qui communique par sa mat\u00e9rialit\u00e9. \u00ab <em>Le sol est une couleur autant qu\u2019un mat\u00e9riau: l\u2019effet pierre a une certaine esth\u00e9tique, le bois blanc une autre, le bois fonc\u00e9 encore une autre<\/em> \u00bb, souligne Daniele.<\/p>\n<p>Quand un client exprime le d\u00e9sir de marcher pieds nus sur un parquet, ce qui peut sembler un d\u00e9tail devient un \u00e9l\u00e9ment cl\u00e9. <em>\u00ab Je commence \u00e0 comprendre que cette personne aime la mati\u00e8re. Je peux probablement lui proposer pour les murs des produits non seulement peints, mais des finitions mat\u00e9rielles avec leur propre texture, qui relient la chaleur du sol \u00e0 celle des enduits \u00e0 la chaux<\/em>. \u00bb<\/p>\n<p>[\/et_pb_text][et_pb_text _builder_version=&#8221;4.27.4&#8243; _module_preset=&#8221;default&#8221; text_font_size=&#8221;18px&#8221; text_line_height=&#8221;1.8em&#8221; header_3_font_size=&#8221;36px&#8221; custom_margin=&#8221;5%||1%||false|false&#8221; locked=&#8221;off&#8221; global_colors_info=&#8221;{}&#8221;]<\/p>\n<h3>Versatilit\u00e0 compositiva<\/h3>\n<p>[\/et_pb_text][et_pb_text _builder_version=&#8221;4.27.4&#8243; _module_preset=&#8221;default&#8221; text_font_size=&#8221;18px&#8221; text_line_height=&#8221;1.8em&#8221; link_font=&#8221;||||on||||&#8221; custom_padding=&#8221;||0px|||&#8221; text_font_size_tablet=&#8221;18px&#8221; text_font_size_phone=&#8221;16px&#8221; text_font_size_last_edited=&#8221;on|phone&#8221; global_colors_info=&#8221;{}&#8221;]<\/p>\n<p>Choisir des solutions comme les sols Skema offre une libert\u00e9 de composition in\u00e9dite. Gr\u00e2ce \u00e0 leur faible \u00e9paisseur et leur pose rapide, ces sols permettent d\u2019intervenir dans des espaces existants sans d\u00e9molition invasive, ouvrant des possibilit\u00e9s qui auparavant exigeaient des chantiers complexes.<\/p>\n<p>\u00ab <em>Un sol en ch\u00eane clair s\u2019accorde parfaitement avec le beige, le bleu, le rouille ou le vert<\/em> \u00bb, explique Daniele. \u00ab <em>Le bois est une essence naturelle, et lorsque l\u2019on associe des mat\u00e9riaux authentiques comme le fer, le verre ou le bois, le r\u00e9sultat est toujours harmonieux<\/em>. \u00bb<\/p>\n<p>[\/et_pb_text][\/et_pb_column][\/et_pb_row][et_pb_row column_structure=&#8221;1_2,1_2&#8243; _builder_version=&#8221;4.27.4&#8243; _module_preset=&#8221;default&#8221; width=&#8221;100%&#8221; max_width=&#8221;50%&#8221; max_width_tablet=&#8221;80%&#8221; max_width_phone=&#8221;80%&#8221; max_width_last_edited=&#8221;on|tablet&#8221; custom_padding=&#8221;0px||||false|false&#8221; collapsed=&#8221;off&#8221; global_colors_info=&#8221;{}&#8221;][et_pb_column type=&#8221;1_2&#8243; _builder_version=&#8221;4.27.4&#8243; _module_preset=&#8221;default&#8221; global_colors_info=&#8221;{}&#8221;][et_pb_text _builder_version=&#8221;4.27.4&#8243; _module_preset=&#8221;default&#8221; text_font_size=&#8221;18px&#8221; text_line_height=&#8221;1.8em&#8221; header_3_font_size=&#8221;36px&#8221; custom_margin=&#8221;5%||1%||false|false&#8221; locked=&#8221;off&#8221; global_colors_info=&#8221;{}&#8221;]<\/p>\n<h3>Au-del\u00e0 du neutre: vers des espaces personnels<\/h3>\n<p>[\/et_pb_text][et_pb_text _builder_version=&#8221;4.27.4&#8243; _module_preset=&#8221;default&#8221; text_font_size=&#8221;18px&#8221; text_line_height=&#8221;1.8em&#8221; link_font=&#8221;||||on||||&#8221; custom_padding=&#8221;||0px|||&#8221; text_font_size_tablet=&#8221;18px&#8221; text_font_size_phone=&#8221;16px&#8221; text_font_size_last_edited=&#8221;on|phone&#8221; global_colors_info=&#8221;{}&#8221;]<\/p>\n<p>L\u2019\u00e9poque de la \u201cdictature du taupe\u201d semble r\u00e9volue. \u00ab <em>Les maisons, une fois termin\u00e9es, \u00e9taient magnifiques \u00e0 photographier, mais les gens avaient l\u2019impression de vivre dans quelque chose de d\u00e9pouill\u00e9, n\u00e9cessitant beaucoup de personnalisation<\/em> \u00bb, raconte le designer. \u00ab <em>Si j\u2019ai une personnalit\u00e9 tr\u00e8s affirm\u00e9e, une maison neutre peut suffire car je suis d\u00e9j\u00e0 \u2018beaucoup\u2019. Mais si j\u2019ai besoin d\u2019un espace qui me r\u00e9conforte ou me soutienne, une maison neutre me para\u00eet vide et froide<\/em>. \u00bb<\/p>\n<p>La p\u00e9riode post-Covid a acc\u00e9l\u00e9r\u00e9 cette prise de conscience. Confin\u00e9s chez nous, nous avons ressenti l\u2019impact du cadre domestique sur notre bien-\u00eatre. D\u2019o\u00f9 un nouvel \u00e9lan vers la couleur.<\/p>\n<p>[\/et_pb_text][\/et_pb_column][et_pb_column type=&#8221;1_2&#8243; _builder_version=&#8221;4.27.4&#8243; _module_preset=&#8221;default&#8221; global_colors_info=&#8221;{}&#8221;][et_pb_image src=&#8221;https:\/\/skema.eu\/wp-content\/uploads\/2025\/08\/Fuaje-boutique-hotel-v2.jpg&#8221; alt=&#8221;Fuaje\u0300 boutique hotel&#8221; title_text=&#8221;Fuaje\u0300 boutique hotel v2&#8243; force_fullwidth=&#8221;on&#8221; _builder_version=&#8221;4.27.4&#8243; _module_preset=&#8221;default&#8221; global_colors_info=&#8221;{}&#8221;][\/et_pb_image][et_pb_text _builder_version=&#8221;4.27.4&#8243; _module_preset=&#8221;default&#8221; hover_enabled=&#8221;0&#8243; sticky_enabled=&#8221;0&#8243; custom_padding=&#8221;||0px|||&#8221; locked=&#8221;off&#8221;]<\/p>\n<pre><span>Project: Rag architettura - Architetto Giuseppe Raimondo<\/span><span>\n<\/span><span>Ph: Daniele Di Lorenzo<\/span><\/pre>\n<p>[\/et_pb_text][\/et_pb_column][\/et_pb_row][et_pb_row _builder_version=&#8221;4.27.4&#8243; width=&#8221;100%&#8221; max_width=&#8221;50%&#8221; max_width_tablet=&#8221;80%&#8221; max_width_phone=&#8221;80%&#8221; max_width_last_edited=&#8221;on|tablet&#8221; custom_padding=&#8221;0px||||false|false&#8221; collapsed=&#8221;off&#8221; global_colors_info=&#8221;{}&#8221;][et_pb_column type=&#8221;4_4&#8243; _builder_version=&#8221;4.16&#8243; custom_padding=&#8221;|||&#8221; global_colors_info=&#8221;{}&#8221; custom_padding__hover=&#8221;|||&#8221;][et_pb_text _builder_version=&#8221;4.27.4&#8243; _module_preset=&#8221;default&#8221; text_font_size=&#8221;18px&#8221; text_line_height=&#8221;1.8em&#8221; header_3_font_size=&#8221;36px&#8221; custom_margin=&#8221;||1%||false|false&#8221; hover_enabled=&#8221;0&#8243; locked=&#8221;off&#8221; global_colors_info=&#8221;{}&#8221; sticky_enabled=&#8221;0&#8243;]<\/p>\n<h3>Progettare per la trasformazione<\/h3>\n<p>[\/et_pb_text][et_pb_text _builder_version=&#8221;4.27.4&#8243; _module_preset=&#8221;default&#8221; text_font_size=&#8221;18px&#8221; text_line_height=&#8221;1.8em&#8221; link_font=&#8221;||||on||||&#8221; custom_padding=&#8221;||0px|||&#8221; text_font_size_tablet=&#8221;18px&#8221; text_font_size_phone=&#8221;16px&#8221; text_font_size_last_edited=&#8221;on|phone&#8221; global_colors_info=&#8221;{}&#8221;]<\/p>\n<p>Un autre aspect important est le changement d\u2019\u00e9tat d\u2019esprit concernant la durabilit\u00e9. \u00ab <em>Nous n\u2019avons plus besoin de cr\u00e9er une couleur qui doit forc\u00e9ment durer vingt ans, voire \u00e9ternellement<\/em> \u00bb, observe Daniele. \u00ab <em>Aujourd\u2019hui cette couleur m\u2019attire, je l\u2019utilise\u2026 demain je la changerai. C\u2019est faisable, c\u2019est simple<\/em>. \u00bb<\/p>\n<p>Les sols \u00e0 pose flottante encouragent cette attitude : \u00ab <em>Un sol un peu moins cher, rapide \u00e0 poser, sans colle, sans poussi\u00e8re, sans d\u00e9bris \u00e0 \u00e9liminer, et tout aussi rapide \u00e0 remplacer. <\/em><em>Il n\u2019a pas besoin de durer toute une vie. Dans dix ans, si j\u2019en ai envie, je vide deux ou trois meubles et je pose un nouveau sol<\/em>. \u00bb<\/p>\n<p>\u00ab <em>Dans un chantier r\u00e9cent de 60 m\u00b2 que j\u2019ai suivi, la pose a \u00e9t\u00e9 r\u00e9alis\u00e9e en une seule journ\u00e9e, alors que d\u2019autres travaux continuaient depuis des semaines<\/em> \u00bb \u2014 une efficacit\u00e9 impensable avec des rev\u00eatements traditionnels.<\/p>\n<p>[\/et_pb_text][et_pb_text _builder_version=&#8221;4.27.4&#8243; _module_preset=&#8221;default&#8221; text_font_size=&#8221;18px&#8221; text_line_height=&#8221;1.8em&#8221; header_3_font_size=&#8221;36px&#8221; custom_margin=&#8221;5.1%||1%||false|false&#8221; locked=&#8221;off&#8221; global_colors_info=&#8221;{}&#8221;]<\/p>\n<h3>Un metodo empatico<\/h3>\n<p>[\/et_pb_text][et_pb_text _builder_version=&#8221;4.27.4&#8243; _module_preset=&#8221;default&#8221; text_font_size=&#8221;18px&#8221; text_line_height=&#8221;1.8em&#8221; link_font=&#8221;||||on||||&#8221; custom_padding=&#8221;||0px|||&#8221; text_font_size_tablet=&#8221;18px&#8221; text_font_size_phone=&#8221;16px&#8221; text_font_size_last_edited=&#8221;on|phone&#8221; global_colors_info=&#8221;{}&#8221;]<\/p>\n<p>Le travail de Daniele se distingue par une approche qui va au-del\u00e0 du conseil esth\u00e9tique, flirtant avec la dimension psychologique. Il utilise \u00e9galement des outils comme le test RAH Color, bas\u00e9 sur les neurosciences, pour identifier la palette la plus proche de chaque personne.<\/p>\n<p>\u00ab <em>Parfois j\u2019ai propos\u00e9 des choix audacieux, pensant \u00eatre all\u00e9 trop loin. Et puis ces clients sont revenus me remercier \u2014 m\u00eame cinq ans plus tard \u2014 pour redessiner une autre partie de leur maison, en me disant : tu nous avais propos\u00e9 cette couleur d\u2019une fa\u00e7on particuli\u00e8re, et nous voil\u00e0 encore ici<\/em>. \u00bb<\/p>\n<p>Dans un projet particuli\u00e8rement d\u00e9licat, il a aid\u00e9 une cliente \u00e0 transformer des meubles h\u00e9rit\u00e9s de sa m\u00e8re disparue, en les repeignant pour pr\u00e9server le souvenir sans qu\u2019il devienne pesant. \u00ab Au premier coup d\u2019\u0153il je ne m\u2019en souviens pas toujours, mais quand je le veux, je me rappelle que c\u2019\u00e9tait le meuble que j\u2019utilisais avec ma m\u00e8re. \u00bb<\/p>\n<p>Cette approche int\u00e9gr\u00e9e \u2014 qui consid\u00e8re sols, murs, plafonds et mobilier comme un syst\u00e8me unique \u2014 redonne aux espaces une \u00e2me qu\u2019aucun rendu, aussi sophistiqu\u00e9 soit-il, ne peut capturer. Parce qu\u2019au fond, comme le rappelle Daniele, \u00ab <em>concevoir la couleur signifie concevoir des \u00e9motions, des souvenirs, des liens. Cela signifie cr\u00e9er des maisons qui nous ressemblent vraiment<\/em>. \u00bb<\/p>\n<p>[\/et_pb_text][\/et_pb_column][\/et_pb_row][\/et_pb_section]<\/p>\n","protected":false},"excerpt":{"rendered":"<p>Daniele Iotti, designer des finitions chez Arcobalenocolorlab, raconte comment l\u2019association entre sols et finitions murales est devenue un processus d\u2019\u00e9coute et de personnalisation.<\/p>\n","protected":false},"author":9986,"featured_media":20834,"comment_status":"closed","ping_status":"closed","sticky":true,"template":"","format":"standard","meta":{"_acf_changed":false,"_et_pb_use_builder":"on","_et_pb_old_content":"<p>Come da tradizione, Skema \u00e8 presente anche quest'anno alla design week. <b>Dal 7 all'11 aprile ci puoi trovare nello spazio di Decor Lab in via Tortona 37<\/b>, ma le superfici <b>Skema le puoi vedere anche a Rho<\/b>, <b>tra gli stand del Salone Internazionale del Mobile<\/b>, che per l'edizione 2025 si accompagna ad Euroluce.<\/p><p>Se hai gi\u00e0 pianificato la visita in fiera, <b>dall'8 al 13 aprile<\/b>, <b>scorri l'elenco dei tanti top brand del mondo dell'arredo che hanno scelto le superfici Skema<\/b> per i loro stand e mettili nella tua agenda.<br \/>Potrai vedere alcuni dei nostri <b>prodotti di punta applicati nel contesto allestitivo<\/b> e vivere l'esperienza di superfici dall'estetica ricercata e dalle elevate prestazioni tecnologiche che le rendono pratiche da posare, resistenti al calpestio, sicure perch\u00e9 resistenti al fuoco e antiscivolo e infine pratiche, anti-macchia e antistatiche.<\/p>","_et_gb_content_width":"","inline_featured_image":false,"footnotes":""},"categories":[320],"tags":[],"class_list":["post-20856","post","type-post","status-publish","format-standard","has-post-thumbnail","hentry","category-sur-les-produits"],"acf":[],"yoast_head":"<!-- This site is optimized with the Yoast SEO plugin v27.1.1 - https:\/\/yoast.com\/product\/yoast-seo-wordpress\/ -->\n<title>Concevoir la couleur: une approche sur mesure pour les espaces contemporains - Skema<\/title>\n<meta name=\"description\" content=\"Daniele Iotti, designer des finitions chez Arcobalenocolorlab, raconte comment l\u2019association entre sols et finitions murales est devenue un processus d\u2019\u00e9coute et de personnalisation.\" \/>\n<meta name=\"robots\" content=\"index, follow, max-snippet:-1, max-image-preview:large, max-video-preview:-1\" \/>\n<link rel=\"canonical\" href=\"https:\/\/skema.eu\/fr\/concevoir-la-couleur-une-approche-sur-mesure-pour-les-espaces-contemporains\/\" \/>\n<meta property=\"og:locale\" content=\"fr_FR\" \/>\n<meta property=\"og:type\" content=\"article\" \/>\n<meta property=\"og:title\" content=\"Concevoir la couleur: une approche sur mesure pour les espaces contemporains\" \/>\n<meta property=\"og:description\" content=\"Daniele Iotti, designer des finitions chez Arcobalenocolorlab, raconte comment l\u2019association entre sols et finitions murales est devenue un processus d\u2019\u00e9coute et de personnalisation.\" \/>\n<meta property=\"og:url\" content=\"https:\/\/skema.eu\/fr\/concevoir-la-couleur-une-approche-sur-mesure-pour-les-espaces-contemporains\/\" \/>\n<meta property=\"og:site_name\" content=\"Skema\" \/>\n<meta property=\"article:publisher\" content=\"https:\/\/www.facebook.com\/skema.eu\" \/>\n<meta property=\"article:published_time\" content=\"2025-12-08T15:01:32+00:00\" \/>\n<meta property=\"article:modified_time\" content=\"2025-12-09T18:59:26+00:00\" \/>\n<meta property=\"og:image\" content=\"https:\/\/skema.eu\/wp-content\/uploads\/2025\/12\/Daniele-Iotti-designer--1600x900.jpg\" \/>\n<meta name=\"author\" content=\"Cristina Miseo\" \/>\n<meta name=\"twitter:card\" content=\"summary_large_image\" \/>\n<meta name=\"twitter:label1\" content=\"\u00c9crit par\" \/>\n\t<meta name=\"twitter:data1\" content=\"Cristina Miseo\" \/>\n\t<meta name=\"twitter:label2\" content=\"Dur\u00e9e de lecture estim\u00e9e\" \/>\n\t<meta name=\"twitter:data2\" content=\"10 minutes\" \/>\n<script type=\"application\/ld+json\" class=\"yoast-schema-graph\">{\"@context\":\"https:\/\/schema.org\",\"@graph\":[{\"@type\":\"Article\",\"@id\":\"https:\/\/skema.eu\/fr\/concevoir-la-couleur-une-approche-sur-mesure-pour-les-espaces-contemporains\/#article\",\"isPartOf\":{\"@id\":\"https:\/\/skema.eu\/fr\/concevoir-la-couleur-une-approche-sur-mesure-pour-les-espaces-contemporains\/\"},\"author\":{\"name\":\"Cristina Miseo\",\"@id\":\"https:\/\/skema.eu\/fr\/#\/schema\/person\/300bdb705c56dc472eccd8ee8ff3a908\"},\"headline\":\"Concevoir la couleur: une approche sur mesure pour les espaces contemporains\",\"datePublished\":\"2025-12-08T15:01:32+00:00\",\"dateModified\":\"2025-12-09T18:59:26+00:00\",\"mainEntityOfPage\":{\"@id\":\"https:\/\/skema.eu\/fr\/concevoir-la-couleur-une-approche-sur-mesure-pour-les-espaces-contemporains\/\"},\"wordCount\":1983,\"publisher\":{\"@id\":\"https:\/\/skema.eu\/fr\/#organization\"},\"image\":{\"@id\":\"https:\/\/skema.eu\/fr\/concevoir-la-couleur-une-approche-sur-mesure-pour-les-espaces-contemporains\/#primaryimage\"},\"thumbnailUrl\":\"https:\/\/skema.eu\/wp-content\/uploads\/2025\/12\/Daniele-Iotti-designer-.jpg\",\"articleSection\":[\"Sur les produits\"],\"inLanguage\":\"fr-FR\"},{\"@type\":\"WebPage\",\"@id\":\"https:\/\/skema.eu\/fr\/concevoir-la-couleur-une-approche-sur-mesure-pour-les-espaces-contemporains\/\",\"url\":\"https:\/\/skema.eu\/fr\/concevoir-la-couleur-une-approche-sur-mesure-pour-les-espaces-contemporains\/\",\"name\":\"Concevoir la couleur: une approche sur mesure pour les espaces contemporains - Skema\",\"isPartOf\":{\"@id\":\"https:\/\/skema.eu\/fr\/#website\"},\"primaryImageOfPage\":{\"@id\":\"https:\/\/skema.eu\/fr\/concevoir-la-couleur-une-approche-sur-mesure-pour-les-espaces-contemporains\/#primaryimage\"},\"image\":{\"@id\":\"https:\/\/skema.eu\/fr\/concevoir-la-couleur-une-approche-sur-mesure-pour-les-espaces-contemporains\/#primaryimage\"},\"thumbnailUrl\":\"https:\/\/skema.eu\/wp-content\/uploads\/2025\/12\/Daniele-Iotti-designer-.jpg\",\"datePublished\":\"2025-12-08T15:01:32+00:00\",\"dateModified\":\"2025-12-09T18:59:26+00:00\",\"description\":\"Daniele Iotti, designer des finitions chez Arcobalenocolorlab, raconte comment l\u2019association entre sols et finitions murales est devenue un processus d\u2019\u00e9coute et de personnalisation.\",\"breadcrumb\":{\"@id\":\"https:\/\/skema.eu\/fr\/concevoir-la-couleur-une-approche-sur-mesure-pour-les-espaces-contemporains\/#breadcrumb\"},\"inLanguage\":\"fr-FR\",\"potentialAction\":[{\"@type\":\"ReadAction\",\"target\":[\"https:\/\/skema.eu\/fr\/concevoir-la-couleur-une-approche-sur-mesure-pour-les-espaces-contemporains\/\"]}]},{\"@type\":\"ImageObject\",\"inLanguage\":\"fr-FR\",\"@id\":\"https:\/\/skema.eu\/fr\/concevoir-la-couleur-une-approche-sur-mesure-pour-les-espaces-contemporains\/#primaryimage\",\"url\":\"https:\/\/skema.eu\/wp-content\/uploads\/2025\/12\/Daniele-Iotti-designer-.jpg\",\"contentUrl\":\"https:\/\/skema.eu\/wp-content\/uploads\/2025\/12\/Daniele-Iotti-designer-.jpg\",\"width\":1920,\"height\":1080,\"caption\":\"Daniele Iotti designer\"},{\"@type\":\"BreadcrumbList\",\"@id\":\"https:\/\/skema.eu\/fr\/concevoir-la-couleur-une-approche-sur-mesure-pour-les-espaces-contemporains\/#breadcrumb\",\"itemListElement\":[{\"@type\":\"ListItem\",\"position\":1,\"name\":\"Home\",\"item\":\"https:\/\/skema.eu\/fr\/\"},{\"@type\":\"ListItem\",\"position\":2,\"name\":\"Concevoir la couleur: une approche sur mesure pour les espaces contemporains\"}]},{\"@type\":\"WebSite\",\"@id\":\"https:\/\/skema.eu\/fr\/#website\",\"url\":\"https:\/\/skema.eu\/fr\/\",\"name\":\"Skema\",\"description\":\"Superfici da Vivere\",\"publisher\":{\"@id\":\"https:\/\/skema.eu\/fr\/#organization\"},\"potentialAction\":[{\"@type\":\"SearchAction\",\"target\":{\"@type\":\"EntryPoint\",\"urlTemplate\":\"https:\/\/skema.eu\/fr\/?s={search_term_string}\"},\"query-input\":{\"@type\":\"PropertyValueSpecification\",\"valueRequired\":true,\"valueName\":\"search_term_string\"}}],\"inLanguage\":\"fr-FR\"},{\"@type\":\"Organization\",\"@id\":\"https:\/\/skema.eu\/fr\/#organization\",\"name\":\"Skema S.p.a Unipersonale\",\"url\":\"https:\/\/skema.eu\/fr\/\",\"logo\":{\"@type\":\"ImageObject\",\"inLanguage\":\"fr-FR\",\"@id\":\"https:\/\/skema.eu\/fr\/#\/schema\/logo\/image\/\",\"url\":\"https:\/\/skema.eu\/wp-content\/uploads\/2025\/04\/copertina-standard-sito_161202517452.webp\",\"contentUrl\":\"https:\/\/skema.eu\/wp-content\/uploads\/2025\/04\/copertina-standard-sito_161202517452.webp\",\"width\":600,\"height\":424,\"caption\":\"Skema S.p.a Unipersonale\"},\"image\":{\"@id\":\"https:\/\/skema.eu\/fr\/#\/schema\/logo\/image\/\"},\"sameAs\":[\"https:\/\/www.facebook.com\/skema.eu\"]},{\"@type\":\"Person\",\"@id\":\"https:\/\/skema.eu\/fr\/#\/schema\/person\/300bdb705c56dc472eccd8ee8ff3a908\",\"name\":\"Cristina Miseo\",\"image\":{\"@type\":\"ImageObject\",\"inLanguage\":\"fr-FR\",\"@id\":\"https:\/\/skema.eu\/fr\/#\/schema\/person\/image\/\",\"url\":\"https:\/\/secure.gravatar.com\/avatar\/f0c051d5b5d55f11df846dbff6161d23b6b626820f66764f6e34370d4312e9af?s=96&d=mm&r=g\",\"contentUrl\":\"https:\/\/secure.gravatar.com\/avatar\/f0c051d5b5d55f11df846dbff6161d23b6b626820f66764f6e34370d4312e9af?s=96&d=mm&r=g\",\"caption\":\"Cristina Miseo\"}}]}<\/script>\n<!-- \/ Yoast SEO plugin. -->","yoast_head_json":{"title":"Concevoir la couleur: une approche sur mesure pour les espaces contemporains - Skema","description":"Daniele Iotti, designer des finitions chez Arcobalenocolorlab, raconte comment l\u2019association entre sols et finitions murales est devenue un processus d\u2019\u00e9coute et de personnalisation.","robots":{"index":"index","follow":"follow","max-snippet":"max-snippet:-1","max-image-preview":"max-image-preview:large","max-video-preview":"max-video-preview:-1"},"canonical":"https:\/\/skema.eu\/fr\/concevoir-la-couleur-une-approche-sur-mesure-pour-les-espaces-contemporains\/","og_locale":"fr_FR","og_type":"article","og_title":"Concevoir la couleur: une approche sur mesure pour les espaces contemporains","og_description":"Daniele Iotti, designer des finitions chez Arcobalenocolorlab, raconte comment l\u2019association entre sols et finitions murales est devenue un processus d\u2019\u00e9coute et de personnalisation.","og_url":"https:\/\/skema.eu\/fr\/concevoir-la-couleur-une-approche-sur-mesure-pour-les-espaces-contemporains\/","og_site_name":"Skema","article_publisher":"https:\/\/www.facebook.com\/skema.eu","article_published_time":"2025-12-08T15:01:32+00:00","article_modified_time":"2025-12-09T18:59:26+00:00","og_image":[{"url":"https:\/\/skema.eu\/wp-content\/uploads\/2025\/12\/Daniele-Iotti-designer--1600x900.jpg","type":"","width":"","height":""}],"author":"Cristina Miseo","twitter_card":"summary_large_image","twitter_misc":{"\u00c9crit par":"Cristina Miseo","Dur\u00e9e de lecture estim\u00e9e":"10 minutes"},"schema":{"@context":"https:\/\/schema.org","@graph":[{"@type":"Article","@id":"https:\/\/skema.eu\/fr\/concevoir-la-couleur-une-approche-sur-mesure-pour-les-espaces-contemporains\/#article","isPartOf":{"@id":"https:\/\/skema.eu\/fr\/concevoir-la-couleur-une-approche-sur-mesure-pour-les-espaces-contemporains\/"},"author":{"name":"Cristina Miseo","@id":"https:\/\/skema.eu\/fr\/#\/schema\/person\/300bdb705c56dc472eccd8ee8ff3a908"},"headline":"Concevoir la couleur: une approche sur mesure pour les espaces contemporains","datePublished":"2025-12-08T15:01:32+00:00","dateModified":"2025-12-09T18:59:26+00:00","mainEntityOfPage":{"@id":"https:\/\/skema.eu\/fr\/concevoir-la-couleur-une-approche-sur-mesure-pour-les-espaces-contemporains\/"},"wordCount":1983,"publisher":{"@id":"https:\/\/skema.eu\/fr\/#organization"},"image":{"@id":"https:\/\/skema.eu\/fr\/concevoir-la-couleur-une-approche-sur-mesure-pour-les-espaces-contemporains\/#primaryimage"},"thumbnailUrl":"https:\/\/skema.eu\/wp-content\/uploads\/2025\/12\/Daniele-Iotti-designer-.jpg","articleSection":["Sur les produits"],"inLanguage":"fr-FR"},{"@type":"WebPage","@id":"https:\/\/skema.eu\/fr\/concevoir-la-couleur-une-approche-sur-mesure-pour-les-espaces-contemporains\/","url":"https:\/\/skema.eu\/fr\/concevoir-la-couleur-une-approche-sur-mesure-pour-les-espaces-contemporains\/","name":"Concevoir la couleur: une approche sur mesure pour les espaces contemporains - Skema","isPartOf":{"@id":"https:\/\/skema.eu\/fr\/#website"},"primaryImageOfPage":{"@id":"https:\/\/skema.eu\/fr\/concevoir-la-couleur-une-approche-sur-mesure-pour-les-espaces-contemporains\/#primaryimage"},"image":{"@id":"https:\/\/skema.eu\/fr\/concevoir-la-couleur-une-approche-sur-mesure-pour-les-espaces-contemporains\/#primaryimage"},"thumbnailUrl":"https:\/\/skema.eu\/wp-content\/uploads\/2025\/12\/Daniele-Iotti-designer-.jpg","datePublished":"2025-12-08T15:01:32+00:00","dateModified":"2025-12-09T18:59:26+00:00","description":"Daniele Iotti, designer des finitions chez Arcobalenocolorlab, raconte comment l\u2019association entre sols et finitions murales est devenue un processus d\u2019\u00e9coute et de personnalisation.","breadcrumb":{"@id":"https:\/\/skema.eu\/fr\/concevoir-la-couleur-une-approche-sur-mesure-pour-les-espaces-contemporains\/#breadcrumb"},"inLanguage":"fr-FR","potentialAction":[{"@type":"ReadAction","target":["https:\/\/skema.eu\/fr\/concevoir-la-couleur-une-approche-sur-mesure-pour-les-espaces-contemporains\/"]}]},{"@type":"ImageObject","inLanguage":"fr-FR","@id":"https:\/\/skema.eu\/fr\/concevoir-la-couleur-une-approche-sur-mesure-pour-les-espaces-contemporains\/#primaryimage","url":"https:\/\/skema.eu\/wp-content\/uploads\/2025\/12\/Daniele-Iotti-designer-.jpg","contentUrl":"https:\/\/skema.eu\/wp-content\/uploads\/2025\/12\/Daniele-Iotti-designer-.jpg","width":1920,"height":1080,"caption":"Daniele Iotti designer"},{"@type":"BreadcrumbList","@id":"https:\/\/skema.eu\/fr\/concevoir-la-couleur-une-approche-sur-mesure-pour-les-espaces-contemporains\/#breadcrumb","itemListElement":[{"@type":"ListItem","position":1,"name":"Home","item":"https:\/\/skema.eu\/fr\/"},{"@type":"ListItem","position":2,"name":"Concevoir la couleur: une approche sur mesure pour les espaces contemporains"}]},{"@type":"WebSite","@id":"https:\/\/skema.eu\/fr\/#website","url":"https:\/\/skema.eu\/fr\/","name":"Skema","description":"Superfici da Vivere","publisher":{"@id":"https:\/\/skema.eu\/fr\/#organization"},"potentialAction":[{"@type":"SearchAction","target":{"@type":"EntryPoint","urlTemplate":"https:\/\/skema.eu\/fr\/?s={search_term_string}"},"query-input":{"@type":"PropertyValueSpecification","valueRequired":true,"valueName":"search_term_string"}}],"inLanguage":"fr-FR"},{"@type":"Organization","@id":"https:\/\/skema.eu\/fr\/#organization","name":"Skema S.p.a Unipersonale","url":"https:\/\/skema.eu\/fr\/","logo":{"@type":"ImageObject","inLanguage":"fr-FR","@id":"https:\/\/skema.eu\/fr\/#\/schema\/logo\/image\/","url":"https:\/\/skema.eu\/wp-content\/uploads\/2025\/04\/copertina-standard-sito_161202517452.webp","contentUrl":"https:\/\/skema.eu\/wp-content\/uploads\/2025\/04\/copertina-standard-sito_161202517452.webp","width":600,"height":424,"caption":"Skema S.p.a Unipersonale"},"image":{"@id":"https:\/\/skema.eu\/fr\/#\/schema\/logo\/image\/"},"sameAs":["https:\/\/www.facebook.com\/skema.eu"]},{"@type":"Person","@id":"https:\/\/skema.eu\/fr\/#\/schema\/person\/300bdb705c56dc472eccd8ee8ff3a908","name":"Cristina Miseo","image":{"@type":"ImageObject","inLanguage":"fr-FR","@id":"https:\/\/skema.eu\/fr\/#\/schema\/person\/image\/","url":"https:\/\/secure.gravatar.com\/avatar\/f0c051d5b5d55f11df846dbff6161d23b6b626820f66764f6e34370d4312e9af?s=96&d=mm&r=g","contentUrl":"https:\/\/secure.gravatar.com\/avatar\/f0c051d5b5d55f11df846dbff6161d23b6b626820f66764f6e34370d4312e9af?s=96&d=mm&r=g","caption":"Cristina Miseo"}}]}},"_links":{"self":[{"href":"https:\/\/skema.eu\/fr\/wp-json\/wp\/v2\/posts\/20856","targetHints":{"allow":["GET"]}}],"collection":[{"href":"https:\/\/skema.eu\/fr\/wp-json\/wp\/v2\/posts"}],"about":[{"href":"https:\/\/skema.eu\/fr\/wp-json\/wp\/v2\/types\/post"}],"author":[{"embeddable":true,"href":"https:\/\/skema.eu\/fr\/wp-json\/wp\/v2\/users\/9986"}],"replies":[{"embeddable":true,"href":"https:\/\/skema.eu\/fr\/wp-json\/wp\/v2\/comments?post=20856"}],"version-history":[{"count":6,"href":"https:\/\/skema.eu\/fr\/wp-json\/wp\/v2\/posts\/20856\/revisions"}],"predecessor-version":[{"id":20884,"href":"https:\/\/skema.eu\/fr\/wp-json\/wp\/v2\/posts\/20856\/revisions\/20884"}],"wp:featuredmedia":[{"embeddable":true,"href":"https:\/\/skema.eu\/fr\/wp-json\/wp\/v2\/media\/20834"}],"wp:attachment":[{"href":"https:\/\/skema.eu\/fr\/wp-json\/wp\/v2\/media?parent=20856"}],"wp:term":[{"taxonomy":"category","embeddable":true,"href":"https:\/\/skema.eu\/fr\/wp-json\/wp\/v2\/categories?post=20856"},{"taxonomy":"post_tag","embeddable":true,"href":"https:\/\/skema.eu\/fr\/wp-json\/wp\/v2\/tags?post=20856"}],"curies":[{"name":"wp","href":"https:\/\/api.w.org\/{rel}","templated":true}]}}