{"id":19820,"date":"2025-08-28T18:59:58","date_gmt":"2025-08-28T16:59:58","guid":{"rendered":"https:\/\/skema.eu\/?p=19820"},"modified":"2025-09-29T19:12:52","modified_gmt":"2025-09-29T17:12:52","slug":"villa-the-smart-way-of-wood","status":"publish","type":"post","link":"https:\/\/skema.eu\/fr\/villa-the-smart-way-of-wood\/","title":{"rendered":"Villa | The smart way of wood"},"content":{"rendered":"<p>[et_pb_section fb_built=&#8221;1&#8243; _builder_version=&#8221;4.16&#8243; locked=&#8221;off&#8221; collapsed=&#8221;off&#8221; global_colors_info=&#8221;{}&#8221;][et_pb_row _builder_version=&#8221;4.27.4&#8243; width=&#8221;100%&#8221; max_width=&#8221;50%&#8221; max_width_tablet=&#8221;80%&#8221; max_width_phone=&#8221;80%&#8221; max_width_last_edited=&#8221;on|tablet&#8221; custom_padding=&#8221;0px||||false|false&#8221; collapsed=&#8221;off&#8221; global_colors_info=&#8221;{}&#8221;][et_pb_column type=&#8221;4_4&#8243; _builder_version=&#8221;4.16&#8243; custom_padding=&#8221;|||&#8221; global_colors_info=&#8221;{}&#8221; custom_padding__hover=&#8221;|||&#8221;][et_pb_text _builder_version=&#8221;4.27.4&#8243; _module_preset=&#8221;default&#8221; text_font_size=&#8221;36px&#8221; text_line_height=&#8221;43px&#8221; text_font_size_tablet=&#8221;36px&#8221; text_font_size_phone=&#8221;25px&#8221; text_font_size_last_edited=&#8221;on|phone&#8221; text_line_height_tablet=&#8221;43px&#8221; text_line_height_phone=&#8221;30px&#8221; text_line_height_last_edited=&#8221;on|phone&#8221; global_colors_info=&#8221;{}&#8221;]<\/p>\n<h3>\u201cRiconoscere il bisogno \u00e8 la condizione primaria del design\u201d<\/h3>\n<h3><strong>Charles Eames<\/strong><\/h3>\n<p>[\/et_pb_text][et_pb_text _builder_version=&#8221;4.27.4&#8243; _module_preset=&#8221;default&#8221; text_font_size=&#8221;36px&#8221; text_line_height=&#8221;43px&#8221; text_font_size_tablet=&#8221;36px&#8221; text_font_size_phone=&#8221;25px&#8221; text_font_size_last_edited=&#8221;on|phone&#8221; text_line_height_tablet=&#8221;43px&#8221; text_line_height_phone=&#8221;30px&#8221; text_line_height_last_edited=&#8221;on|phone&#8221; global_colors_info=&#8221;{}&#8221;]Il nuovo parquet firmato Skema tra design contemporaneo e tradizione veneta[\/et_pb_text][et_pb_text _builder_version=&#8221;4.27.4&#8243; _module_preset=&#8221;default&#8221; text_font_size=&#8221;18px&#8221; text_line_height=&#8221;1.8em&#8221; link_font=&#8221;||||on||||&#8221; text_font_size_tablet=&#8221;18px&#8221; text_font_size_phone=&#8221;16px&#8221; text_font_size_last_edited=&#8221;on|phone&#8221; global_colors_info=&#8221;{}&#8221;]Il termine <em>villa<\/em> evoca un\u2019immagine di <strong>eleganza, benessere e memoria<\/strong>. Non solo un luogo da vivere, ma una forma di bellezza essenziale. Con <strong>Villa<\/strong>, Skema introduce una collezione che <strong>trasforma il parquet in materia progettuale<\/strong>, restituendo al legno il suo ruolo di protagonista nello spazio costruito.<\/p>\n<p>La collezione nasce con l\u2019obiettivo di offrire al mercato dei pavimenti <strong>la qualit\u00e0 materica del vero legno<\/strong>, unita a logiche produttive <strong>efficienti e sostenibili<\/strong>. <strong>Villa si integra perfettamente nei flussi del cantiere<\/strong>, rispondendo alle esigenze del progettare e del rinnovare con <strong>versatilit\u00e0 estetica<\/strong>, <strong>affidabilit\u00e0 tecnica<\/strong> e <strong>sostenibilit\u00e0 certificata<\/strong>.[\/et_pb_text][et_pb_image src=&#8221;https:\/\/skema.eu\/wp-content\/uploads\/2025\/08\/villa-parquet.jpg&#8221; alt=&#8221;villa parquet&#8221; title_text=&#8221;Villa parquet&#8221; url=&#8221;@ET-DC@eyJkeW5hbWljIjp0cnVlLCJjb250ZW50IjoicG9zdF9saW5rX3VybF9wcm9kdWN0Iiwic2V0dGluZ3MiOnsicG9zdF9pZCI6IjE0MjQwIiwiZW5hYmxlX2h0bWwiOiJvZmYifX0=@&#8221; _builder_version=&#8221;4.27.4&#8243; _dynamic_attributes=&#8221;url&#8221; _module_preset=&#8221;default&#8221; global_colors_info=&#8221;{}&#8221;][\/et_pb_image][et_pb_divider divider_style=&#8221;none&#8221; _builder_version=&#8221;4.27.4&#8243; _module_preset=&#8221;default&#8221; global_colors_info=&#8221;{}&#8221;][\/et_pb_divider][et_pb_text _builder_version=&#8221;4.27.4&#8243; _module_preset=&#8221;default&#8221; global_colors_info=&#8221;{}&#8221;]<\/p>\n<h1>Villa | La grammatica del legno come linguaggio dello spazio<\/h1>\n<p>[\/et_pb_text][et_pb_text _builder_version=&#8221;4.27.4&#8243; _module_preset=&#8221;default&#8221; text_font_size=&#8221;18px&#8221; text_line_height=&#8221;1.8em&#8221; link_font=&#8221;||||on||||&#8221; custom_padding=&#8221;||0px|||&#8221; text_font_size_tablet=&#8221;18px&#8221; text_font_size_phone=&#8221;16px&#8221; text_font_size_last_edited=&#8221;on|phone&#8221; global_colors_info=&#8221;{}&#8221;]Villa non propone semplicemente una superficie, ma una <strong>grammatica del legno<\/strong> fatta di <em>texture<\/em>, nodi, formati e finiture, che danno voce alla materia: ogni <em>grading <\/em>interpreta una diversa sensibilit\u00e0 progettuale, restituendo al legno un\u2019<strong>identit\u00e0 formale e materica<\/strong> ben distinta.<\/p>\n<p><strong>Nature<\/strong> \u00e8 la scelta pi\u00f9 pura: una selezione \u201cpulita\u201d, con fibrature morbide e leggere variazioni cromatiche, nodi appena accennati \u2013 anche nella tipica forma a \u201cocchio di pernice\u201d \u2013 per un risultato elegante e sobrio, ideale per spazi dall\u2019estetica rigorosa.<br \/>\n<strong>Ambient<\/strong>, invece, \u00e8 un\u2019interpretazione equilibrata del legno vivo: nodi di dimensioni contenute, sani o stuccati, venature variegate e piccole specchiature donano alla superficie un carattere versatile, capace di dialogare con linguaggi progettuali diversi.<br \/>\n<strong>Rustic <\/strong>porta in s\u00e9 la forza della materia nella sua espressione pi\u00f9 autentica: nodi marcati, fibrature irregolari, variazioni di colore, raggi parenchimatici, sezioni di alburno e spaccature stuccate compongono una narrazione viva e appassionata del legno, pensata per ambienti che esaltano l\u2019imperfezione come valore estetico.<\/p>\n<p>La struttura <strong>a tre strati<\/strong> \u2013 rovere europeo nobile (2,5 mm), supporto e controbilanciatura in pino \u2013 garantisce stabilit\u00e0 e durabilit\u00e0. La <strong>finitura UV, <\/strong><em>matt <\/em>e<em> ultra matt<\/em> ne esalta la naturalezza, mentre l\u2019<strong>incastro Micro 4V<\/strong> e le <strong>diverse modalit\u00e0 di posa<\/strong> (flottante o incollata) assicurano massima flessibilit\u00e0 in fase esecutiva.<\/p>\n<p>Disponibili in quattro formati, <strong><a href=\"https:\/\/skema.eu\/collezione\/villa\/\">due doghe<\/a> e <a href=\"https:\/\/skema.eu\/collezione\/villa-spina\/\">due spine<\/a><\/strong>, le quattro finiture principali \u2013 <strong>Pisani, Tiepolo, Querini, Cornaro<\/strong> \u2013 rendono idealmente omaggio all\u2019estetica delle ville venete: <strong>luoghi in cui la bellezza si manifesta come linguaggio, non come ornamento.<\/strong>[\/et_pb_text][et_pb_image src=&#8221;https:\/\/skema.eu\/wp-content\/uploads\/2025\/08\/villa-parquet-2-1.jpg&#8221; alt=&#8221;Villa parquet &#8221; title_text=&#8221;Villa parquet &#8221; url=&#8221;@ET-DC@eyJkeW5hbWljIjp0cnVlLCJjb250ZW50IjoicG9zdF9saW5rX3VybF9wcm9kdWN0Iiwic2V0dGluZ3MiOnsicG9zdF9pZCI6IjE0MTg2IiwiZW5hYmxlX2h0bWwiOiJvZmYifX0=@&#8221; _builder_version=&#8221;4.27.4&#8243; _dynamic_attributes=&#8221;url&#8221; _module_preset=&#8221;default&#8221; global_colors_info=&#8221;{}&#8221;][\/et_pb_image][et_pb_divider divider_style=&#8221;none&#8221; _builder_version=&#8221;4.27.4&#8243; _module_preset=&#8221;default&#8221; global_colors_info=&#8221;{}&#8221;][\/et_pb_divider][et_pb_text _builder_version=&#8221;4.27.4&#8243; _module_preset=&#8221;default&#8221; global_colors_info=&#8221;{}&#8221;]<\/p>\n<h1>Villa | Un pavimento per il progetto contemporaneo<\/h1>\n<p>[\/et_pb_text][et_pb_text _builder_version=&#8221;4.27.4&#8243; _module_preset=&#8221;default&#8221; text_font_size=&#8221;18px&#8221; text_line_height=&#8221;1.8em&#8221; link_font=&#8221;||||on||||&#8221; custom_padding=&#8221;||0px|||&#8221; text_font_size_tablet=&#8221;18px&#8221; text_font_size_phone=&#8221;16px&#8221; text_font_size_last_edited=&#8221;on|phone&#8221; global_colors_info=&#8221;{}&#8221;]Villa nasce per portare la <strong>ricchezza espressiva del vero legno<\/strong> in contesti pubblici e privati, residenziali e commerciali, con un\u2019estetica autentica e una collocazione naturale nei diversi scenari del vivere contemporaneo. \u00c8 una collezione pensata per chi progetta spazi reali, senza rinunciare alla materia vera.<\/p>\n<p>Dotata delle principali <strong>certificazioni <\/strong>\u2013 <strong>FSC, CARB2, EUROFINS, CAM<\/strong> \u2013 Villa \u00e8 compatibile con sistemi radianti e conforme alle normative pi\u00f9 esigenti in tema di emissioni e tracciabilit\u00e0. Ricerca estetica e valorizzazione della materia prima: questi pavimenti in legno celebrano la <strong>tradizione <\/strong>e<strong> l\u2019artigianalit\u00e0<\/strong> e rispettano l\u2019ambiente, come dimostrano le certificazioni d\u2019origine.<\/p>\n<p>In un mercato che chiede <strong>soluzioni versatili, affidabili e riconoscibili<\/strong>, Villa si propone come superficie ideale per architetti, <em>developer<\/em> e <em>interior designer<\/em>. Un pavimento che coniuga la precisione tecnica con la bellezza naturale del legno.[\/et_pb_text][et_pb_image src=&#8221;https:\/\/skema.eu\/wp-content\/uploads\/2025\/08\/Villa-copertina.jpg&#8221; alt=&#8221;Nuovo parquet Villa&#8221; title_text=&#8221;Villa-copertina&#8221; _builder_version=&#8221;4.27.4&#8243; _module_preset=&#8221;default&#8221; global_colors_info=&#8221;{}&#8221;][\/et_pb_image][et_pb_divider divider_style=&#8221;none&#8221; _builder_version=&#8221;4.27.4&#8243; _module_preset=&#8221;default&#8221; global_colors_info=&#8221;{}&#8221;][\/et_pb_divider][\/et_pb_column][\/et_pb_row][et_pb_row column_structure=&#8221;3_5,2_5&#8243; _builder_version=&#8221;4.27.4&#8243; _module_preset=&#8221;default&#8221; width=&#8221;100%&#8221; max_width=&#8221;50%&#8221; max_width_tablet=&#8221;80%&#8221; max_width_phone=&#8221;80%&#8221; max_width_last_edited=&#8221;on|tablet&#8221; custom_padding=&#8221;0px||||false|false&#8221; collapsed=&#8221;off&#8221; global_colors_info=&#8221;{}&#8221;][et_pb_column type=&#8221;3_5&#8243; _builder_version=&#8221;4.27.4&#8243; _module_preset=&#8221;default&#8221; global_colors_info=&#8221;{}&#8221;][et_pb_text _builder_version=&#8221;4.27.4&#8243; _module_preset=&#8221;default&#8221; global_colors_info=&#8221;{}&#8221;]<\/p>\n<h1>Villa | Architettura di senso e materia<\/h1>\n<p>[\/et_pb_text][et_pb_text _builder_version=&#8221;4.27.4&#8243; _module_preset=&#8221;default&#8221; text_font_size=&#8221;18px&#8221; text_line_height=&#8221;1.8em&#8221; link_font=&#8221;||||on||||&#8221; custom_padding=&#8221;||0px|||&#8221; text_font_size_tablet=&#8221;18px&#8221; text_font_size_phone=&#8221;16px&#8221; text_font_size_last_edited=&#8221;on|phone&#8221; global_colors_info=&#8221;{}&#8221;]Villa <strong>non si limita al ruolo di collezione<\/strong>, ma si configura come <strong>una struttura di pensiero applicata allo spazio<\/strong>. Interpreta con coerenza le istanze dell\u2019abitare attuale: <strong>sostenibilit\u00e0, flessibilit\u00e0, coerenza estetica<\/strong>.<\/p>\n<p>Concepita nel cuore del Veneto, dove le dimore storiche dialogano con il paesaggio, Villa trasforma ogni ambiente in <strong>un racconto silenzioso ma presente<\/strong>, fatto di equilibrio materico e intelligenza formale. <strong>In un&#8217;epoca che privilegia l\u2019effimero, Villa sceglie la durata.<\/strong><\/p>\n<p>Perch\u00e9 <strong>un design di qualit\u00e0 non si impone<\/strong>, ma si riconosce nel tempo. E Villa, plancia dopo plancia, costruisce <strong>un\u2019identit\u00e0 discreta e durevole<\/strong>, come <strong>una firma che attraversa il progetto senza mai sovrastarlo.<\/strong>[\/et_pb_text][\/et_pb_column][et_pb_column type=&#8221;2_5&#8243; _builder_version=&#8221;4.27.4&#8243; _module_preset=&#8221;default&#8221; global_colors_info=&#8221;{}&#8221;][et_pb_image src=&#8221;https:\/\/skema.eu\/wp-content\/uploads\/2025\/08\/Villa-mano.jpg&#8221; alt=&#8221;Villa parquet&#8221; title_text=&#8221;Villa parquet&#8221; force_fullwidth=&#8221;on&#8221; _builder_version=&#8221;4.27.4&#8243; _module_preset=&#8221;default&#8221; global_colors_info=&#8221;{}&#8221;][\/et_pb_image][\/et_pb_column][\/et_pb_row][\/et_pb_section]<\/p>\n","protected":false},"excerpt":{"rendered":"<p>Villa offre plus qu&#8217;une simple surface, c&#8217;est une grammaire du bois faite de textures, de n\u0153uds, de tailles et de finitions qui expriment le mat\u00e9riau : chaque nuance interpr\u00e8te une sensibilit\u00e9 du design diff\u00e9rente, conf\u00e9rant au bois une identit\u00e9 formelle et mat\u00e9rielle distincte.<\/p>\n","protected":false},"author":9986,"featured_media":19720,"comment_status":"closed","ping_status":"closed","sticky":true,"template":"","format":"standard","meta":{"_acf_changed":false,"_et_pb_use_builder":"on","_et_pb_old_content":"","_et_gb_content_width":"","inline_featured_image":false,"footnotes":""},"categories":[320],"tags":[],"class_list":["post-19820","post","type-post","status-publish","format-standard","has-post-thumbnail","hentry","category-sur-les-produits"],"acf":[],"yoast_head":"<!-- This site is optimized with the Yoast SEO plugin v27.1.1 - https:\/\/yoast.com\/product\/yoast-seo-wordpress\/ -->\n<title>Villa | The smart way of wood - Skema<\/title>\n<meta name=\"description\" content=\"Villa offre plus qu&#039;une simple surface, c&#039;est une grammaire du bois faite de textures, de n\u0153uds, de tailles et de finitions qui expriment le mat\u00e9riau : chaque nuance interpr\u00e8te une sensibilit\u00e9 du design diff\u00e9rente, conf\u00e9rant au bois une identit\u00e9 formelle et mat\u00e9rielle distincte.\" \/>\n<meta name=\"robots\" content=\"index, follow, max-snippet:-1, max-image-preview:large, max-video-preview:-1\" \/>\n<link rel=\"canonical\" href=\"https:\/\/skema.eu\/fr\/villa-the-smart-way-of-wood\/\" \/>\n<meta property=\"og:locale\" content=\"fr_FR\" \/>\n<meta property=\"og:type\" content=\"article\" \/>\n<meta property=\"og:title\" content=\"Villa | The smart way of wood\" \/>\n<meta property=\"og:description\" content=\"Villa offre plus qu&#039;une simple surface, c&#039;est une grammaire du bois faite de textures, de n\u0153uds, de tailles et de finitions qui expriment le mat\u00e9riau : chaque nuance interpr\u00e8te une sensibilit\u00e9 du design diff\u00e9rente, conf\u00e9rant au bois une identit\u00e9 formelle et mat\u00e9rielle distincte.\" \/>\n<meta property=\"og:url\" content=\"https:\/\/skema.eu\/fr\/villa-the-smart-way-of-wood\/\" \/>\n<meta property=\"og:site_name\" content=\"Skema\" \/>\n<meta property=\"article:publisher\" content=\"https:\/\/www.facebook.com\/skema.eu\" \/>\n<meta property=\"article:published_time\" content=\"2025-08-28T16:59:58+00:00\" \/>\n<meta property=\"article:modified_time\" content=\"2025-09-29T17:12:52+00:00\" \/>\n<meta property=\"og:image\" content=\"https:\/\/skema.eu\/wp-content\/uploads\/2025\/08\/Villa-copertina-1024x695.jpg\" \/>\n<meta name=\"author\" content=\"Cristina Miseo\" \/>\n<meta name=\"twitter:card\" content=\"summary_large_image\" \/>\n<meta name=\"twitter:label1\" content=\"\u00c9crit par\" \/>\n\t<meta name=\"twitter:data1\" content=\"Cristina Miseo\" \/>\n\t<meta name=\"twitter:label2\" content=\"Dur\u00e9e de lecture estim\u00e9e\" \/>\n\t<meta name=\"twitter:data2\" content=\"5 minutes\" \/>\n<script type=\"application\/ld+json\" class=\"yoast-schema-graph\">{\"@context\":\"https:\/\/schema.org\",\"@graph\":[{\"@type\":\"Article\",\"@id\":\"https:\/\/skema.eu\/fr\/villa-the-smart-way-of-wood\/#article\",\"isPartOf\":{\"@id\":\"https:\/\/skema.eu\/fr\/villa-the-smart-way-of-wood\/\"},\"author\":{\"name\":\"Cristina Miseo\",\"@id\":\"https:\/\/skema.eu\/fr\/#\/schema\/person\/300bdb705c56dc472eccd8ee8ff3a908\"},\"headline\":\"Villa | The smart way of wood\",\"datePublished\":\"2025-08-28T16:59:58+00:00\",\"dateModified\":\"2025-09-29T17:12:52+00:00\",\"mainEntityOfPage\":{\"@id\":\"https:\/\/skema.eu\/fr\/villa-the-smart-way-of-wood\/\"},\"wordCount\":1318,\"publisher\":{\"@id\":\"https:\/\/skema.eu\/fr\/#organization\"},\"image\":{\"@id\":\"https:\/\/skema.eu\/fr\/villa-the-smart-way-of-wood\/#primaryimage\"},\"thumbnailUrl\":\"https:\/\/skema.eu\/wp-content\/uploads\/2025\/08\/Villa-copertina.jpg\",\"articleSection\":[\"Sur les produits\"],\"inLanguage\":\"fr-FR\"},{\"@type\":\"WebPage\",\"@id\":\"https:\/\/skema.eu\/fr\/villa-the-smart-way-of-wood\/\",\"url\":\"https:\/\/skema.eu\/fr\/villa-the-smart-way-of-wood\/\",\"name\":\"Villa | The smart way of wood - Skema\",\"isPartOf\":{\"@id\":\"https:\/\/skema.eu\/fr\/#website\"},\"primaryImageOfPage\":{\"@id\":\"https:\/\/skema.eu\/fr\/villa-the-smart-way-of-wood\/#primaryimage\"},\"image\":{\"@id\":\"https:\/\/skema.eu\/fr\/villa-the-smart-way-of-wood\/#primaryimage\"},\"thumbnailUrl\":\"https:\/\/skema.eu\/wp-content\/uploads\/2025\/08\/Villa-copertina.jpg\",\"datePublished\":\"2025-08-28T16:59:58+00:00\",\"dateModified\":\"2025-09-29T17:12:52+00:00\",\"description\":\"Villa offre plus qu'une simple surface, c'est une grammaire du bois faite de textures, de n\u0153uds, de tailles et de finitions qui expriment le mat\u00e9riau : chaque nuance interpr\u00e8te une sensibilit\u00e9 du design diff\u00e9rente, conf\u00e9rant au bois une identit\u00e9 formelle et mat\u00e9rielle distincte.\",\"breadcrumb\":{\"@id\":\"https:\/\/skema.eu\/fr\/villa-the-smart-way-of-wood\/#breadcrumb\"},\"inLanguage\":\"fr-FR\",\"potentialAction\":[{\"@type\":\"ReadAction\",\"target\":[\"https:\/\/skema.eu\/fr\/villa-the-smart-way-of-wood\/\"]}]},{\"@type\":\"ImageObject\",\"inLanguage\":\"fr-FR\",\"@id\":\"https:\/\/skema.eu\/fr\/villa-the-smart-way-of-wood\/#primaryimage\",\"url\":\"https:\/\/skema.eu\/wp-content\/uploads\/2025\/08\/Villa-copertina.jpg\",\"contentUrl\":\"https:\/\/skema.eu\/wp-content\/uploads\/2025\/08\/Villa-copertina.jpg\",\"width\":1920,\"height\":1304,\"caption\":\"Nuovo parquet Villa\"},{\"@type\":\"BreadcrumbList\",\"@id\":\"https:\/\/skema.eu\/fr\/villa-the-smart-way-of-wood\/#breadcrumb\",\"itemListElement\":[{\"@type\":\"ListItem\",\"position\":1,\"name\":\"Home\",\"item\":\"https:\/\/skema.eu\/fr\/\"},{\"@type\":\"ListItem\",\"position\":2,\"name\":\"Villa | The smart way of wood\"}]},{\"@type\":\"WebSite\",\"@id\":\"https:\/\/skema.eu\/fr\/#website\",\"url\":\"https:\/\/skema.eu\/fr\/\",\"name\":\"Skema\",\"description\":\"Superfici da Vivere\",\"publisher\":{\"@id\":\"https:\/\/skema.eu\/fr\/#organization\"},\"potentialAction\":[{\"@type\":\"SearchAction\",\"target\":{\"@type\":\"EntryPoint\",\"urlTemplate\":\"https:\/\/skema.eu\/fr\/?s={search_term_string}\"},\"query-input\":{\"@type\":\"PropertyValueSpecification\",\"valueRequired\":true,\"valueName\":\"search_term_string\"}}],\"inLanguage\":\"fr-FR\"},{\"@type\":\"Organization\",\"@id\":\"https:\/\/skema.eu\/fr\/#organization\",\"name\":\"Skema S.p.a Unipersonale\",\"url\":\"https:\/\/skema.eu\/fr\/\",\"logo\":{\"@type\":\"ImageObject\",\"inLanguage\":\"fr-FR\",\"@id\":\"https:\/\/skema.eu\/fr\/#\/schema\/logo\/image\/\",\"url\":\"https:\/\/skema.eu\/wp-content\/uploads\/2025\/04\/copertina-standard-sito_161202517452.webp\",\"contentUrl\":\"https:\/\/skema.eu\/wp-content\/uploads\/2025\/04\/copertina-standard-sito_161202517452.webp\",\"width\":600,\"height\":424,\"caption\":\"Skema S.p.a Unipersonale\"},\"image\":{\"@id\":\"https:\/\/skema.eu\/fr\/#\/schema\/logo\/image\/\"},\"sameAs\":[\"https:\/\/www.facebook.com\/skema.eu\"]},{\"@type\":\"Person\",\"@id\":\"https:\/\/skema.eu\/fr\/#\/schema\/person\/300bdb705c56dc472eccd8ee8ff3a908\",\"name\":\"Cristina Miseo\",\"image\":{\"@type\":\"ImageObject\",\"inLanguage\":\"fr-FR\",\"@id\":\"https:\/\/skema.eu\/fr\/#\/schema\/person\/image\/\",\"url\":\"https:\/\/secure.gravatar.com\/avatar\/f0c051d5b5d55f11df846dbff6161d23b6b626820f66764f6e34370d4312e9af?s=96&d=mm&r=g\",\"contentUrl\":\"https:\/\/secure.gravatar.com\/avatar\/f0c051d5b5d55f11df846dbff6161d23b6b626820f66764f6e34370d4312e9af?s=96&d=mm&r=g\",\"caption\":\"Cristina Miseo\"}}]}<\/script>\n<!-- \/ Yoast SEO plugin. -->","yoast_head_json":{"title":"Villa | The smart way of wood - Skema","description":"Villa offre plus qu'une simple surface, c'est une grammaire du bois faite de textures, de n\u0153uds, de tailles et de finitions qui expriment le mat\u00e9riau : chaque nuance interpr\u00e8te une sensibilit\u00e9 du design diff\u00e9rente, conf\u00e9rant au bois une identit\u00e9 formelle et mat\u00e9rielle distincte.","robots":{"index":"index","follow":"follow","max-snippet":"max-snippet:-1","max-image-preview":"max-image-preview:large","max-video-preview":"max-video-preview:-1"},"canonical":"https:\/\/skema.eu\/fr\/villa-the-smart-way-of-wood\/","og_locale":"fr_FR","og_type":"article","og_title":"Villa | The smart way of wood","og_description":"Villa offre plus qu'une simple surface, c'est une grammaire du bois faite de textures, de n\u0153uds, de tailles et de finitions qui expriment le mat\u00e9riau : chaque nuance interpr\u00e8te une sensibilit\u00e9 du design diff\u00e9rente, conf\u00e9rant au bois une identit\u00e9 formelle et mat\u00e9rielle distincte.","og_url":"https:\/\/skema.eu\/fr\/villa-the-smart-way-of-wood\/","og_site_name":"Skema","article_publisher":"https:\/\/www.facebook.com\/skema.eu","article_published_time":"2025-08-28T16:59:58+00:00","article_modified_time":"2025-09-29T17:12:52+00:00","og_image":[{"url":"https:\/\/skema.eu\/wp-content\/uploads\/2025\/08\/Villa-copertina-1024x695.jpg","type":"","width":"","height":""}],"author":"Cristina Miseo","twitter_card":"summary_large_image","twitter_misc":{"\u00c9crit par":"Cristina Miseo","Dur\u00e9e de lecture estim\u00e9e":"5 minutes"},"schema":{"@context":"https:\/\/schema.org","@graph":[{"@type":"Article","@id":"https:\/\/skema.eu\/fr\/villa-the-smart-way-of-wood\/#article","isPartOf":{"@id":"https:\/\/skema.eu\/fr\/villa-the-smart-way-of-wood\/"},"author":{"name":"Cristina Miseo","@id":"https:\/\/skema.eu\/fr\/#\/schema\/person\/300bdb705c56dc472eccd8ee8ff3a908"},"headline":"Villa | The smart way of wood","datePublished":"2025-08-28T16:59:58+00:00","dateModified":"2025-09-29T17:12:52+00:00","mainEntityOfPage":{"@id":"https:\/\/skema.eu\/fr\/villa-the-smart-way-of-wood\/"},"wordCount":1318,"publisher":{"@id":"https:\/\/skema.eu\/fr\/#organization"},"image":{"@id":"https:\/\/skema.eu\/fr\/villa-the-smart-way-of-wood\/#primaryimage"},"thumbnailUrl":"https:\/\/skema.eu\/wp-content\/uploads\/2025\/08\/Villa-copertina.jpg","articleSection":["Sur les produits"],"inLanguage":"fr-FR"},{"@type":"WebPage","@id":"https:\/\/skema.eu\/fr\/villa-the-smart-way-of-wood\/","url":"https:\/\/skema.eu\/fr\/villa-the-smart-way-of-wood\/","name":"Villa | The smart way of wood - Skema","isPartOf":{"@id":"https:\/\/skema.eu\/fr\/#website"},"primaryImageOfPage":{"@id":"https:\/\/skema.eu\/fr\/villa-the-smart-way-of-wood\/#primaryimage"},"image":{"@id":"https:\/\/skema.eu\/fr\/villa-the-smart-way-of-wood\/#primaryimage"},"thumbnailUrl":"https:\/\/skema.eu\/wp-content\/uploads\/2025\/08\/Villa-copertina.jpg","datePublished":"2025-08-28T16:59:58+00:00","dateModified":"2025-09-29T17:12:52+00:00","description":"Villa offre plus qu'une simple surface, c'est une grammaire du bois faite de textures, de n\u0153uds, de tailles et de finitions qui expriment le mat\u00e9riau : chaque nuance interpr\u00e8te une sensibilit\u00e9 du design diff\u00e9rente, conf\u00e9rant au bois une identit\u00e9 formelle et mat\u00e9rielle distincte.","breadcrumb":{"@id":"https:\/\/skema.eu\/fr\/villa-the-smart-way-of-wood\/#breadcrumb"},"inLanguage":"fr-FR","potentialAction":[{"@type":"ReadAction","target":["https:\/\/skema.eu\/fr\/villa-the-smart-way-of-wood\/"]}]},{"@type":"ImageObject","inLanguage":"fr-FR","@id":"https:\/\/skema.eu\/fr\/villa-the-smart-way-of-wood\/#primaryimage","url":"https:\/\/skema.eu\/wp-content\/uploads\/2025\/08\/Villa-copertina.jpg","contentUrl":"https:\/\/skema.eu\/wp-content\/uploads\/2025\/08\/Villa-copertina.jpg","width":1920,"height":1304,"caption":"Nuovo parquet Villa"},{"@type":"BreadcrumbList","@id":"https:\/\/skema.eu\/fr\/villa-the-smart-way-of-wood\/#breadcrumb","itemListElement":[{"@type":"ListItem","position":1,"name":"Home","item":"https:\/\/skema.eu\/fr\/"},{"@type":"ListItem","position":2,"name":"Villa | The smart way of wood"}]},{"@type":"WebSite","@id":"https:\/\/skema.eu\/fr\/#website","url":"https:\/\/skema.eu\/fr\/","name":"Skema","description":"Superfici da Vivere","publisher":{"@id":"https:\/\/skema.eu\/fr\/#organization"},"potentialAction":[{"@type":"SearchAction","target":{"@type":"EntryPoint","urlTemplate":"https:\/\/skema.eu\/fr\/?s={search_term_string}"},"query-input":{"@type":"PropertyValueSpecification","valueRequired":true,"valueName":"search_term_string"}}],"inLanguage":"fr-FR"},{"@type":"Organization","@id":"https:\/\/skema.eu\/fr\/#organization","name":"Skema S.p.a Unipersonale","url":"https:\/\/skema.eu\/fr\/","logo":{"@type":"ImageObject","inLanguage":"fr-FR","@id":"https:\/\/skema.eu\/fr\/#\/schema\/logo\/image\/","url":"https:\/\/skema.eu\/wp-content\/uploads\/2025\/04\/copertina-standard-sito_161202517452.webp","contentUrl":"https:\/\/skema.eu\/wp-content\/uploads\/2025\/04\/copertina-standard-sito_161202517452.webp","width":600,"height":424,"caption":"Skema S.p.a Unipersonale"},"image":{"@id":"https:\/\/skema.eu\/fr\/#\/schema\/logo\/image\/"},"sameAs":["https:\/\/www.facebook.com\/skema.eu"]},{"@type":"Person","@id":"https:\/\/skema.eu\/fr\/#\/schema\/person\/300bdb705c56dc472eccd8ee8ff3a908","name":"Cristina Miseo","image":{"@type":"ImageObject","inLanguage":"fr-FR","@id":"https:\/\/skema.eu\/fr\/#\/schema\/person\/image\/","url":"https:\/\/secure.gravatar.com\/avatar\/f0c051d5b5d55f11df846dbff6161d23b6b626820f66764f6e34370d4312e9af?s=96&d=mm&r=g","contentUrl":"https:\/\/secure.gravatar.com\/avatar\/f0c051d5b5d55f11df846dbff6161d23b6b626820f66764f6e34370d4312e9af?s=96&d=mm&r=g","caption":"Cristina Miseo"}}]}},"_links":{"self":[{"href":"https:\/\/skema.eu\/fr\/wp-json\/wp\/v2\/posts\/19820","targetHints":{"allow":["GET"]}}],"collection":[{"href":"https:\/\/skema.eu\/fr\/wp-json\/wp\/v2\/posts"}],"about":[{"href":"https:\/\/skema.eu\/fr\/wp-json\/wp\/v2\/types\/post"}],"author":[{"embeddable":true,"href":"https:\/\/skema.eu\/fr\/wp-json\/wp\/v2\/users\/9986"}],"replies":[{"embeddable":true,"href":"https:\/\/skema.eu\/fr\/wp-json\/wp\/v2\/comments?post=19820"}],"version-history":[{"count":8,"href":"https:\/\/skema.eu\/fr\/wp-json\/wp\/v2\/posts\/19820\/revisions"}],"predecessor-version":[{"id":20305,"href":"https:\/\/skema.eu\/fr\/wp-json\/wp\/v2\/posts\/19820\/revisions\/20305"}],"wp:featuredmedia":[{"embeddable":true,"href":"https:\/\/skema.eu\/fr\/wp-json\/wp\/v2\/media\/19720"}],"wp:attachment":[{"href":"https:\/\/skema.eu\/fr\/wp-json\/wp\/v2\/media?parent=19820"}],"wp:term":[{"taxonomy":"category","embeddable":true,"href":"https:\/\/skema.eu\/fr\/wp-json\/wp\/v2\/categories?post=19820"},{"taxonomy":"post_tag","embeddable":true,"href":"https:\/\/skema.eu\/fr\/wp-json\/wp\/v2\/tags?post=19820"}],"curies":[{"name":"wp","href":"https:\/\/api.w.org\/{rel}","templated":true}]}}