{"id":22805,"date":"2026-04-26T20:06:54","date_gmt":"2026-04-26T18:06:54","guid":{"rendered":"https:\/\/skema.eu\/?p=22805"},"modified":"2026-04-26T20:06:54","modified_gmt":"2026-04-26T18:06:54","slug":"global-compact-nazioni-unite-sostenibilita","status":"publish","type":"post","link":"https:\/\/skema.eu\/es\/global-compact-nazioni-unite-sostenibilita\/","title":{"rendered":"Skema se incorpora al Pacto Mundial de las Naciones Unidas: la sostenibilidad se convierte en sistema"},"content":{"rendered":"<p>[et_pb_section fb_built=&#8221;1&#8243; _builder_version=&#8221;4.27.4&#8243; custom_padding=&#8221;0px||||false|false&#8221; locked=&#8221;off&#8221; collapsed=&#8221;off&#8221; global_colors_info=&#8221;{}&#8221;][et_pb_row custom_padding_last_edited=&#8221;on|phone&#8221; _builder_version=&#8221;4.27.4&#8243; _module_preset=&#8221;default&#8221; width=&#8221;100%&#8221; max_width=&#8221;50%&#8221; max_width_tablet=&#8221;80%&#8221; max_width_phone=&#8221;80%&#8221; max_width_last_edited=&#8221;on|tablet&#8221; custom_margin=&#8221;0px||||false|false&#8221; custom_padding=&#8221;0px||||false|false&#8221; custom_padding_tablet=&#8221;&#8221; custom_padding_phone=&#8221;0px||0px||false|false&#8221; global_colors_info=&#8221;{}&#8221;][et_pb_column type=&#8221;4_4&#8243; _builder_version=&#8221;4.27.4&#8243; _module_preset=&#8221;default&#8221; global_colors_info=&#8221;{}&#8221;][et_pb_text _builder_version=&#8221;4.27.6&#8243; _module_preset=&#8221;default&#8221; text_font_size=&#8221;36px&#8221; text_line_height=&#8221;43px&#8221; hover_enabled=&#8221;0&#8243; text_font_size_tablet=&#8221;36px&#8221; text_font_size_phone=&#8221;25px&#8221; text_font_size_last_edited=&#8221;on|phone&#8221; text_line_height_tablet=&#8221;43px&#8221; text_line_height_phone=&#8221;30px&#8221; text_line_height_last_edited=&#8221;on|phone&#8221; global_colors_info=&#8221;{}&#8221; sticky_enabled=&#8221;0&#8243;]<\/p>\n<p>Formalizada la adhesi\u00f3n a la iniciativa de las Naciones Unidas y a la red italiana: un paso que consolida las pol\u00edticas ESG e impone rendici\u00f3n de cuentas internacional<\/p>\n<p>[\/et_pb_text][\/et_pb_column][\/et_pb_row][et_pb_row _builder_version=&#8221;4.27.4&#8243; width=&#8221;100%&#8221; max_width=&#8221;50%&#8221; max_width_tablet=&#8221;80%&#8221; max_width_phone=&#8221;80%&#8221; max_width_last_edited=&#8221;on|tablet&#8221; custom_padding=&#8221;0px||||false|false&#8221; collapsed=&#8221;off&#8221; global_colors_info=&#8221;{}&#8221;][et_pb_column type=&#8221;4_4&#8243; _builder_version=&#8221;4.16&#8243; custom_padding=&#8221;|||&#8221; global_colors_info=&#8221;{}&#8221; custom_padding__hover=&#8221;|||&#8221;][et_pb_divider divider_style=&#8221;none&#8221; _builder_version=&#8221;4.27.4&#8243; _module_preset=&#8221;default&#8221; global_colors_info=&#8221;{}&#8221;][\/et_pb_divider][et_pb_text _builder_version=&#8221;4.27.6&#8243; _module_preset=&#8221;default&#8221; text_font_size=&#8221;18px&#8221; text_line_height=&#8221;1.8em&#8221; link_font=&#8221;||||on||||&#8221; custom_padding=&#8221;||2px|||&#8221; hover_enabled=&#8221;0&#8243; text_font_size_tablet=&#8221;18px&#8221; text_font_size_phone=&#8221;16px&#8221; text_font_size_last_edited=&#8221;on|phone&#8221; global_colors_info=&#8221;{}&#8221; sticky_enabled=&#8221;0&#8243;]<\/p>\n<p>Apoyar <strong>el Pacto Mundial de la ONU<\/strong> es una elecci\u00f3n muy precisa: vincular la propia gesti\u00f3n a <strong>diez principios universales<\/strong> relativos a <strong>derechos humanos<\/strong>, <strong>trabajo<\/strong>, <strong>medio ambiente<\/strong>, <strong>anticorrupci\u00f3n<\/strong> y <strong>rendir cuentas p\u00fablicamente de los progresos cada a\u00f1o<\/strong>. Skema ha formalizado recientemente la adhesi\u00f3n a <strong>UN Global Compact Network Italia<\/strong>, la articulaci\u00f3n territorial de la iniciativa <strong>ONU<\/strong> que <strong>coordina el di\u00e1logo entre empresas, instituciones y sociedad civil en nuestro pa\u00eds<\/strong>. <\/p>\n<p>[\/et_pb_text][\/et_pb_column][\/et_pb_row][et_pb_row _builder_version=&#8221;4.27.4&#8243; width=&#8221;100%&#8221; max_width=&#8221;50%&#8221; max_width_tablet=&#8221;80%&#8221; max_width_phone=&#8221;80%&#8221; max_width_last_edited=&#8221;on|tablet&#8221; custom_padding=&#8221;0px||||false|false&#8221; collapsed=&#8221;off&#8221; global_colors_info=&#8221;{}&#8221;][et_pb_column type=&#8221;4_4&#8243; _builder_version=&#8221;4.16&#8243; custom_padding=&#8221;|||&#8221; global_colors_info=&#8221;{}&#8221; custom_padding__hover=&#8221;|||&#8221;][et_pb_image src=&#8221;https:\/\/skema.eu\/wp-content\/uploads\/2026\/04\/we-support-Global-Compact.jpg&#8221; alt=&#8221;locandina screening mammografico&#8221; title_text=&#8221;apoyamos el Pacto Mundial&#8221; align=&#8221;center&#8221; _builder_version=&#8221;4.27.6&#8243; _module_preset=&#8221;default&#8221; width=&#8221;75%&#8221; hover_enabled=&#8221;0&#8243; global_colors_info=&#8221;{}&#8221; sticky_enabled=&#8221;0&#8243;][\/et_pb_image][et_pb_divider divider_style=&#8221;none&#8221; _builder_version=&#8221;4.27.4&#8243; _module_preset=&#8221;default&#8221; global_colors_info=&#8221;{}&#8221;][\/et_pb_divider][et_pb_text _builder_version=&#8221;4.27.6&#8243; _module_preset=&#8221;default&#8221; text_font_size=&#8221;18px&#8221; text_line_height=&#8221;1.8em&#8221; link_font=&#8221;||||on||||&#8221; custom_padding=&#8221;||0px|||&#8221; hover_enabled=&#8221;0&#8243; text_font_size_tablet=&#8221;18px&#8221; text_font_size_phone=&#8221;16px&#8221; text_font_size_last_edited=&#8221;on|phone&#8221; global_colors_info=&#8221;{}&#8221; sticky_enabled=&#8221;0&#8243;]<\/p>\n<h2><strong>Un compromiso que obliga<\/strong><\/h2>\n<p>La iniciativa, fundada en 2000, cuenta hoy con m\u00e1s de <strong>veinte mil empresas<\/strong> en m\u00e1s de <strong>ciento sesenta pa\u00edses<\/strong>. El mecanismo es sencillo en la forma, exigente en el fondo: quien se adhiere se compromete a alinear estrategias y operaciones con los diez principios y a declarar anualmente los progresos realizados mediante una <strong>Communication on Progress<\/strong>. No es una certificaci\u00f3n. No otorga etiquetas. Produce <em>accountability<\/em>: la disposici\u00f3n a ser medidos, comparados, verificados por interlocutores externos.    <\/p>\n<p>La <em>Red<\/em> italiana a\u00f1ade una dimensi\u00f3n operativa. No es una asociaci\u00f3n de categor\u00eda: es un espacio de di\u00e1logo entre sujetos heterog\u00e9neos, orientado a la producci\u00f3n de conocimiento aplicado y a la activaci\u00f3n de <em>partnerships<\/em> vinculadas a los <strong>Objetivos de Desarrollo Sostenible de la Agenda 2030<\/strong>. Para una pyme con vocaci\u00f3n internacional, el acceso a este ecosistema tiene un valor concreto: <strong>anticipa tendencias regulatorias, abre relaciones institucionales, permite comparar las propias pr\u00e1cticas con realidades que operan en sectores y geograf\u00edas diferentes<\/strong>.  <\/p>\n<h2><strong>El recorrido que precede al anuncio<\/strong><\/h2>\n<p>La adhesi\u00f3n no surge de manera espont\u00e1nea. Skema ha publicado su primer <strong><span style=\"text-decoration: line-through;\">Informe<\/span> de Sostenibilidad<\/strong>, a finales de 2025, redactado seg\u00fan el <strong>Voluntary Sustainability Reporting Standard for SMEs (VSME)<\/strong>, el <em>est\u00e1ndar<\/em> europeo promovido por <strong>EFRAG<\/strong> para las peque\u00f1as y medianas empresas. El documento formaliza un <strong>recorrido ESG<\/strong> ya iniciado: certificaciones ambientales <strong>ISO 14001<\/strong> y de calidad <strong>ISO 9001<\/strong>, certificaciones de producto <strong>FSC<\/strong> y <strong>PEFC<\/strong> sobre la cadena de <span style=\"text-decoration: line-through;\">madera<\/span>, adhesi\u00f3n a los <strong>Criterios Ambientales M\u00ednimos<\/strong> para el mercado p\u00fablico, <strong>instalaci\u00f3n fotovoltaica<\/strong> activa desde 2018.  <\/p>\n<p>El informe no es el punto de llegada. Es la herramienta que hace visible y comparable lo que la empresa hace. El Pacto Mundial de las Naciones Unidas es el contexto internacional en el que esa visibilidad se convierte en compromiso vinculante.  <\/p>\n<h2><strong>Por qu\u00e9 importa para quien proyecta<\/strong><\/h2>\n<p>Para quien proyecta espacios, arquitectos, <em>interioristas<\/em>, <em>contratistas<\/em>, la sostenibilidad de un proveedor no es una variable accesoria. Incide en la documentaci\u00f3n de la obra, en el <em>cumplimiento<\/em> en contrataci\u00f3n p\u00fablica, en la calidad certificable del entorno construido. <\/p>\n<p>En este sentido, la adhesi\u00f3n al Pacto Mundial tiene implicaciones que van m\u00e1s all\u00e1 de la gobernanza interna. Refuerza la legibilidad de la oferta hacia interlocutores, p\u00fablicos y privados, que solicitan cada vez con mayor frecuencia <strong>documentaci\u00f3n verificable sobre la cadena de suministro<\/strong>, <strong>emisiones y condiciones laborales<\/strong> a lo largo de la cadena de aprovisionamiento. Un contexto normativo, desde la <strong>CSRD europea<\/strong> hasta las directivas sobre <em>diligencia debida<\/em>, que est\u00e1 desplazando r\u00e1pidamente estos requisitos de opcionales a estructurales.  <\/p>\n<p><em>&#8220;No se trata de introducir nuevos principios, sino de reforzar la capacidad de integrarlos de manera sist\u00e9mica en nuestras estrategias&#8221; \u2013<\/em> son las palabras de <strong>Sonia Venaruzzo<\/strong>, <em>Chief Strategy Officer<\/em>, Skema \u2013 &#8220;<em>Entrar en una red internacional significa aceptar el desaf\u00edo de la transparencia y del di\u00e1logo continuo: elementos indispensables para transformar los objetivos de sostenibilidad en resultados medibles&#8221;.<\/em><\/p>\n<h2><strong>Un per\u00edmetro, no una meta<\/strong><\/h2>\n<p>Los materiales para la construcci\u00f3n no son simples objetos de consumo. Duran d\u00e9cadas, habitan los espacios, condicionan la calidad del aire y el <em>confort<\/em> ac\u00fastico de los ambientes. Su huella ambiental no se cierra con la entrega: se extiende en el tiempo, a trav\u00e9s del uso y hasta el fin de vida \u00fatil. Para una empresa que opera en este sector, la sostenibilidad no es una elecci\u00f3n de posicionamiento. Es una responsabilidad t\u00e9cnica, documentable, imputable.    <\/p>\n<p>El valor de un <em>marco<\/em> como el <strong><a href=\"https:\/\/www.globalcompactnetwork.org\/it\/\" target=\"_blank\" rel=\"noopener\">Pacto Mundial<\/a><\/strong> no se mide solo dentro de la empresa que lo adopta. Cada empresa que lleva la rendici\u00f3n de cuentas ESG a un nivel de rigor y comparabilidad internacional contribuye, de hecho, a elevar el list\u00f3n del sector, haciendo m\u00e1s legible, para proyectistas, promotores e inversores, la diferencia entre quien ha construido un sistema y quien ha hecho una declaraci\u00f3n. Para Skema, que opera en una cadena global de la madera a\u00fan en fase de maduraci\u00f3n sobre estos temas, este es quiz\u00e1s el resultado menos visible de la adhesi\u00f3n. Y probablemente el m\u00e1s duradero.   <\/p>\n<p>[\/et_pb_text][\/et_pb_column][\/et_pb_row][\/et_pb_section]<\/p>\n","protected":false},"excerpt":{"rendered":"<p>Apoyar el Pacto Mundial de la ONU es una elecci\u00f3n muy precisa: vincular la propia gesti\u00f3n a diez principios universales relativos a derechos humanos, trabajo, medio ambiente, anticorrupci\u00f3n y rendir cuentas p\u00fablicamente de los progresos cada a\u00f1o. <\/p>\n","protected":false},"author":9986,"featured_media":22785,"comment_status":"closed","ping_status":"closed","sticky":true,"template":"","format":"standard","meta":{"_acf_changed":false,"_et_pb_use_builder":"on","_et_pb_old_content":"","_et_gb_content_width":"","inline_featured_image":false,"footnotes":""},"categories":[315],"tags":[],"class_list":["post-22805","post","type-post","status-publish","format-standard","has-post-thumbnail","hentry","category-noticias"],"acf":[],"yoast_head":"<!-- This site is optimized with the Yoast SEO plugin v27.1.1 - https:\/\/yoast.com\/product\/yoast-seo-wordpress\/ -->\n<title>Skema se incorpora al Pacto Mundial de las Naciones Unidas: la sostenibilidad se convierte en sistema - Skema<\/title>\n<meta name=\"description\" content=\"Apoyar el Pacto Mundial de la ONU es una elecci\u00f3n muy precisa: vincular la propia gesti\u00f3n a diez principios universales relativos a derechos humanos, trabajo, medio ambiente, anticorrupci\u00f3n y rendir cuentas p\u00fablicamente de los progresos cada a\u00f1o.\" \/>\n<meta name=\"robots\" content=\"index, follow, max-snippet:-1, max-image-preview:large, max-video-preview:-1\" \/>\n<link rel=\"canonical\" href=\"https:\/\/skema.eu\/es\/global-compact-nazioni-unite-sostenibilita\/\" \/>\n<meta property=\"og:locale\" content=\"es_ES\" \/>\n<meta property=\"og:type\" content=\"article\" \/>\n<meta property=\"og:title\" content=\"Skema se incorpora al Pacto Mundial de las Naciones Unidas: la sostenibilidad se convierte en sistema\" \/>\n<meta property=\"og:description\" content=\"Apoyar el Pacto Mundial de la ONU es una elecci\u00f3n muy precisa: vincular la propia gesti\u00f3n a diez principios universales relativos a derechos humanos, trabajo, medio ambiente, anticorrupci\u00f3n y rendir cuentas p\u00fablicamente de los progresos cada a\u00f1o.\" \/>\n<meta property=\"og:url\" content=\"https:\/\/skema.eu\/es\/global-compact-nazioni-unite-sostenibilita\/\" \/>\n<meta property=\"og:site_name\" content=\"Skema\" \/>\n<meta property=\"article:publisher\" content=\"https:\/\/www.facebook.com\/skema.eu\" \/>\n<meta property=\"article:published_time\" content=\"2026-04-26T18:06:54+00:00\" \/>\n<meta property=\"og:image\" content=\"https:\/\/skema.eu\/wp-content\/uploads\/2026\/04\/we-support-Global-Compact.jpg\" \/>\n\t<meta property=\"og:image:width\" content=\"1280\" \/>\n\t<meta property=\"og:image:height\" content=\"853\" \/>\n\t<meta property=\"og:image:type\" content=\"image\/jpeg\" \/>\n<meta name=\"author\" content=\"Cristina Miseo\" \/>\n<meta name=\"twitter:card\" content=\"summary_large_image\" \/>\n<meta name=\"twitter:label1\" content=\"Escrito por\" \/>\n\t<meta name=\"twitter:data1\" content=\"Cristina Miseo\" \/>\n\t<meta name=\"twitter:label2\" content=\"Tiempo de lectura\" \/>\n\t<meta name=\"twitter:data2\" content=\"4 minutos\" \/>\n<script type=\"application\/ld+json\" class=\"yoast-schema-graph\">{\"@context\":\"https:\/\/schema.org\",\"@graph\":[{\"@type\":\"Article\",\"@id\":\"https:\/\/skema.eu\/es\/global-compact-nazioni-unite-sostenibilita\/#article\",\"isPartOf\":{\"@id\":\"https:\/\/skema.eu\/es\/global-compact-nazioni-unite-sostenibilita\/\"},\"author\":{\"name\":\"Cristina Miseo\",\"@id\":\"https:\/\/skema.eu\/es\/#\/schema\/person\/300bdb705c56dc472eccd8ee8ff3a908\"},\"headline\":\"Skema se incorpora al Pacto Mundial de las Naciones Unidas: la sostenibilidad se convierte en sistema\",\"datePublished\":\"2026-04-26T18:06:54+00:00\",\"mainEntityOfPage\":{\"@id\":\"https:\/\/skema.eu\/es\/global-compact-nazioni-unite-sostenibilita\/\"},\"wordCount\":1245,\"publisher\":{\"@id\":\"https:\/\/skema.eu\/es\/#organization\"},\"image\":{\"@id\":\"https:\/\/skema.eu\/es\/global-compact-nazioni-unite-sostenibilita\/#primaryimage\"},\"thumbnailUrl\":\"https:\/\/skema.eu\/wp-content\/uploads\/2026\/04\/Global-Compact-Nazioni-Unite.jpg\",\"articleSection\":[\"Noticias\"],\"inLanguage\":\"es\"},{\"@type\":\"WebPage\",\"@id\":\"https:\/\/skema.eu\/es\/global-compact-nazioni-unite-sostenibilita\/\",\"url\":\"https:\/\/skema.eu\/es\/global-compact-nazioni-unite-sostenibilita\/\",\"name\":\"Skema se incorpora al Pacto Mundial de las Naciones Unidas: la sostenibilidad se convierte en sistema - Skema\",\"isPartOf\":{\"@id\":\"https:\/\/skema.eu\/es\/#website\"},\"primaryImageOfPage\":{\"@id\":\"https:\/\/skema.eu\/es\/global-compact-nazioni-unite-sostenibilita\/#primaryimage\"},\"image\":{\"@id\":\"https:\/\/skema.eu\/es\/global-compact-nazioni-unite-sostenibilita\/#primaryimage\"},\"thumbnailUrl\":\"https:\/\/skema.eu\/wp-content\/uploads\/2026\/04\/Global-Compact-Nazioni-Unite.jpg\",\"datePublished\":\"2026-04-26T18:06:54+00:00\",\"description\":\"Apoyar el Pacto Mundial de la ONU es una elecci\u00f3n muy precisa: vincular la propia gesti\u00f3n a diez principios universales relativos a derechos humanos, trabajo, medio ambiente, anticorrupci\u00f3n y rendir cuentas p\u00fablicamente de los progresos cada a\u00f1o.\",\"breadcrumb\":{\"@id\":\"https:\/\/skema.eu\/es\/global-compact-nazioni-unite-sostenibilita\/#breadcrumb\"},\"inLanguage\":\"es\",\"potentialAction\":[{\"@type\":\"ReadAction\",\"target\":[\"https:\/\/skema.eu\/es\/global-compact-nazioni-unite-sostenibilita\/\"]}]},{\"@type\":\"ImageObject\",\"inLanguage\":\"es\",\"@id\":\"https:\/\/skema.eu\/es\/global-compact-nazioni-unite-sostenibilita\/#primaryimage\",\"url\":\"https:\/\/skema.eu\/wp-content\/uploads\/2026\/04\/Global-Compact-Nazioni-Unite.jpg\",\"contentUrl\":\"https:\/\/skema.eu\/wp-content\/uploads\/2026\/04\/Global-Compact-Nazioni-Unite.jpg\",\"width\":1920,\"height\":1280,\"caption\":\"Global Compact Nazioni Unite\"},{\"@type\":\"BreadcrumbList\",\"@id\":\"https:\/\/skema.eu\/es\/global-compact-nazioni-unite-sostenibilita\/#breadcrumb\",\"itemListElement\":[{\"@type\":\"ListItem\",\"position\":1,\"name\":\"Home\",\"item\":\"https:\/\/skema.eu\/es\/\"},{\"@type\":\"ListItem\",\"position\":2,\"name\":\"Skema se incorpora al Pacto Mundial de las Naciones Unidas: la sostenibilidad se convierte en sistema\"}]},{\"@type\":\"WebSite\",\"@id\":\"https:\/\/skema.eu\/es\/#website\",\"url\":\"https:\/\/skema.eu\/es\/\",\"name\":\"Skema\",\"description\":\"Superfici da Vivere\",\"publisher\":{\"@id\":\"https:\/\/skema.eu\/es\/#organization\"},\"potentialAction\":[{\"@type\":\"SearchAction\",\"target\":{\"@type\":\"EntryPoint\",\"urlTemplate\":\"https:\/\/skema.eu\/es\/?s={search_term_string}\"},\"query-input\":{\"@type\":\"PropertyValueSpecification\",\"valueRequired\":true,\"valueName\":\"search_term_string\"}}],\"inLanguage\":\"es\"},{\"@type\":\"Organization\",\"@id\":\"https:\/\/skema.eu\/es\/#organization\",\"name\":\"Skema S.p.a Unipersonale\",\"url\":\"https:\/\/skema.eu\/es\/\",\"logo\":{\"@type\":\"ImageObject\",\"inLanguage\":\"es\",\"@id\":\"https:\/\/skema.eu\/es\/#\/schema\/logo\/image\/\",\"url\":\"https:\/\/skema.eu\/wp-content\/uploads\/2025\/04\/copertina-standard-sito_161202517452.webp\",\"contentUrl\":\"https:\/\/skema.eu\/wp-content\/uploads\/2025\/04\/copertina-standard-sito_161202517452.webp\",\"width\":600,\"height\":424,\"caption\":\"Skema S.p.a Unipersonale\"},\"image\":{\"@id\":\"https:\/\/skema.eu\/es\/#\/schema\/logo\/image\/\"},\"sameAs\":[\"https:\/\/www.facebook.com\/skema.eu\"]},{\"@type\":\"Person\",\"@id\":\"https:\/\/skema.eu\/es\/#\/schema\/person\/300bdb705c56dc472eccd8ee8ff3a908\",\"name\":\"Cristina Miseo\",\"image\":{\"@type\":\"ImageObject\",\"inLanguage\":\"es\",\"@id\":\"https:\/\/skema.eu\/es\/#\/schema\/person\/image\/\",\"url\":\"https:\/\/secure.gravatar.com\/avatar\/f0c051d5b5d55f11df846dbff6161d23b6b626820f66764f6e34370d4312e9af?s=96&d=mm&r=g\",\"contentUrl\":\"https:\/\/secure.gravatar.com\/avatar\/f0c051d5b5d55f11df846dbff6161d23b6b626820f66764f6e34370d4312e9af?s=96&d=mm&r=g\",\"caption\":\"Cristina Miseo\"}}]}<\/script>\n<!-- \/ Yoast SEO plugin. -->","yoast_head_json":{"title":"Skema se incorpora al Pacto Mundial de las Naciones Unidas: la sostenibilidad se convierte en sistema - Skema","description":"Apoyar el Pacto Mundial de la ONU es una elecci\u00f3n muy precisa: vincular la propia gesti\u00f3n a diez principios universales relativos a derechos humanos, trabajo, medio ambiente, anticorrupci\u00f3n y rendir cuentas p\u00fablicamente de los progresos cada a\u00f1o.","robots":{"index":"index","follow":"follow","max-snippet":"max-snippet:-1","max-image-preview":"max-image-preview:large","max-video-preview":"max-video-preview:-1"},"canonical":"https:\/\/skema.eu\/es\/global-compact-nazioni-unite-sostenibilita\/","og_locale":"es_ES","og_type":"article","og_title":"Skema se incorpora al Pacto Mundial de las Naciones Unidas: la sostenibilidad se convierte en sistema","og_description":"Apoyar el Pacto Mundial de la ONU es una elecci\u00f3n muy precisa: vincular la propia gesti\u00f3n a diez principios universales relativos a derechos humanos, trabajo, medio ambiente, anticorrupci\u00f3n y rendir cuentas p\u00fablicamente de los progresos cada a\u00f1o.","og_url":"https:\/\/skema.eu\/es\/global-compact-nazioni-unite-sostenibilita\/","og_site_name":"Skema","article_publisher":"https:\/\/www.facebook.com\/skema.eu","article_published_time":"2026-04-26T18:06:54+00:00","og_image":[{"width":1280,"height":853,"url":"https:\/\/skema.eu\/wp-content\/uploads\/2026\/04\/we-support-Global-Compact.jpg","type":"image\/jpeg"}],"author":"Cristina Miseo","twitter_card":"summary_large_image","twitter_misc":{"Escrito por":"Cristina Miseo","Tiempo de lectura":"4 minutos"},"schema":{"@context":"https:\/\/schema.org","@graph":[{"@type":"Article","@id":"https:\/\/skema.eu\/es\/global-compact-nazioni-unite-sostenibilita\/#article","isPartOf":{"@id":"https:\/\/skema.eu\/es\/global-compact-nazioni-unite-sostenibilita\/"},"author":{"name":"Cristina Miseo","@id":"https:\/\/skema.eu\/es\/#\/schema\/person\/300bdb705c56dc472eccd8ee8ff3a908"},"headline":"Skema se incorpora al Pacto Mundial de las Naciones Unidas: la sostenibilidad se convierte en sistema","datePublished":"2026-04-26T18:06:54+00:00","mainEntityOfPage":{"@id":"https:\/\/skema.eu\/es\/global-compact-nazioni-unite-sostenibilita\/"},"wordCount":1245,"publisher":{"@id":"https:\/\/skema.eu\/es\/#organization"},"image":{"@id":"https:\/\/skema.eu\/es\/global-compact-nazioni-unite-sostenibilita\/#primaryimage"},"thumbnailUrl":"https:\/\/skema.eu\/wp-content\/uploads\/2026\/04\/Global-Compact-Nazioni-Unite.jpg","articleSection":["Noticias"],"inLanguage":"es"},{"@type":"WebPage","@id":"https:\/\/skema.eu\/es\/global-compact-nazioni-unite-sostenibilita\/","url":"https:\/\/skema.eu\/es\/global-compact-nazioni-unite-sostenibilita\/","name":"Skema se incorpora al Pacto Mundial de las Naciones Unidas: la sostenibilidad se convierte en sistema - Skema","isPartOf":{"@id":"https:\/\/skema.eu\/es\/#website"},"primaryImageOfPage":{"@id":"https:\/\/skema.eu\/es\/global-compact-nazioni-unite-sostenibilita\/#primaryimage"},"image":{"@id":"https:\/\/skema.eu\/es\/global-compact-nazioni-unite-sostenibilita\/#primaryimage"},"thumbnailUrl":"https:\/\/skema.eu\/wp-content\/uploads\/2026\/04\/Global-Compact-Nazioni-Unite.jpg","datePublished":"2026-04-26T18:06:54+00:00","description":"Apoyar el Pacto Mundial de la ONU es una elecci\u00f3n muy precisa: vincular la propia gesti\u00f3n a diez principios universales relativos a derechos humanos, trabajo, medio ambiente, anticorrupci\u00f3n y rendir cuentas p\u00fablicamente de los progresos cada a\u00f1o.","breadcrumb":{"@id":"https:\/\/skema.eu\/es\/global-compact-nazioni-unite-sostenibilita\/#breadcrumb"},"inLanguage":"es","potentialAction":[{"@type":"ReadAction","target":["https:\/\/skema.eu\/es\/global-compact-nazioni-unite-sostenibilita\/"]}]},{"@type":"ImageObject","inLanguage":"es","@id":"https:\/\/skema.eu\/es\/global-compact-nazioni-unite-sostenibilita\/#primaryimage","url":"https:\/\/skema.eu\/wp-content\/uploads\/2026\/04\/Global-Compact-Nazioni-Unite.jpg","contentUrl":"https:\/\/skema.eu\/wp-content\/uploads\/2026\/04\/Global-Compact-Nazioni-Unite.jpg","width":1920,"height":1280,"caption":"Global Compact Nazioni Unite"},{"@type":"BreadcrumbList","@id":"https:\/\/skema.eu\/es\/global-compact-nazioni-unite-sostenibilita\/#breadcrumb","itemListElement":[{"@type":"ListItem","position":1,"name":"Home","item":"https:\/\/skema.eu\/es\/"},{"@type":"ListItem","position":2,"name":"Skema se incorpora al Pacto Mundial de las Naciones Unidas: la sostenibilidad se convierte en sistema"}]},{"@type":"WebSite","@id":"https:\/\/skema.eu\/es\/#website","url":"https:\/\/skema.eu\/es\/","name":"Skema","description":"Superfici da Vivere","publisher":{"@id":"https:\/\/skema.eu\/es\/#organization"},"potentialAction":[{"@type":"SearchAction","target":{"@type":"EntryPoint","urlTemplate":"https:\/\/skema.eu\/es\/?s={search_term_string}"},"query-input":{"@type":"PropertyValueSpecification","valueRequired":true,"valueName":"search_term_string"}}],"inLanguage":"es"},{"@type":"Organization","@id":"https:\/\/skema.eu\/es\/#organization","name":"Skema S.p.a Unipersonale","url":"https:\/\/skema.eu\/es\/","logo":{"@type":"ImageObject","inLanguage":"es","@id":"https:\/\/skema.eu\/es\/#\/schema\/logo\/image\/","url":"https:\/\/skema.eu\/wp-content\/uploads\/2025\/04\/copertina-standard-sito_161202517452.webp","contentUrl":"https:\/\/skema.eu\/wp-content\/uploads\/2025\/04\/copertina-standard-sito_161202517452.webp","width":600,"height":424,"caption":"Skema S.p.a Unipersonale"},"image":{"@id":"https:\/\/skema.eu\/es\/#\/schema\/logo\/image\/"},"sameAs":["https:\/\/www.facebook.com\/skema.eu"]},{"@type":"Person","@id":"https:\/\/skema.eu\/es\/#\/schema\/person\/300bdb705c56dc472eccd8ee8ff3a908","name":"Cristina Miseo","image":{"@type":"ImageObject","inLanguage":"es","@id":"https:\/\/skema.eu\/es\/#\/schema\/person\/image\/","url":"https:\/\/secure.gravatar.com\/avatar\/f0c051d5b5d55f11df846dbff6161d23b6b626820f66764f6e34370d4312e9af?s=96&d=mm&r=g","contentUrl":"https:\/\/secure.gravatar.com\/avatar\/f0c051d5b5d55f11df846dbff6161d23b6b626820f66764f6e34370d4312e9af?s=96&d=mm&r=g","caption":"Cristina Miseo"}}]}},"_links":{"self":[{"href":"https:\/\/skema.eu\/es\/wp-json\/wp\/v2\/posts\/22805","targetHints":{"allow":["GET"]}}],"collection":[{"href":"https:\/\/skema.eu\/es\/wp-json\/wp\/v2\/posts"}],"about":[{"href":"https:\/\/skema.eu\/es\/wp-json\/wp\/v2\/types\/post"}],"author":[{"embeddable":true,"href":"https:\/\/skema.eu\/es\/wp-json\/wp\/v2\/users\/9986"}],"replies":[{"embeddable":true,"href":"https:\/\/skema.eu\/es\/wp-json\/wp\/v2\/comments?post=22805"}],"version-history":[{"count":4,"href":"https:\/\/skema.eu\/es\/wp-json\/wp\/v2\/posts\/22805\/revisions"}],"predecessor-version":[{"id":22813,"href":"https:\/\/skema.eu\/es\/wp-json\/wp\/v2\/posts\/22805\/revisions\/22813"}],"wp:featuredmedia":[{"embeddable":true,"href":"https:\/\/skema.eu\/es\/wp-json\/wp\/v2\/media\/22785"}],"wp:attachment":[{"href":"https:\/\/skema.eu\/es\/wp-json\/wp\/v2\/media?parent=22805"}],"wp:term":[{"taxonomy":"category","embeddable":true,"href":"https:\/\/skema.eu\/es\/wp-json\/wp\/v2\/categories?post=22805"},{"taxonomy":"post_tag","embeddable":true,"href":"https:\/\/skema.eu\/es\/wp-json\/wp\/v2\/tags?post=22805"}],"curies":[{"name":"wp","href":"https:\/\/api.w.org\/{rel}","templated":true}]}}