{"id":22116,"date":"2026-03-20T14:20:51","date_gmt":"2026-03-20T13:20:51","guid":{"rendered":"https:\/\/skema.eu\/spazio-alberto-di-martino\/"},"modified":"2026-03-23T17:45:02","modified_gmt":"2026-03-23T16:45:02","slug":"el-espacio-antes-del-espacio","status":"publish","type":"post","link":"https:\/\/skema.eu\/es\/el-espacio-antes-del-espacio\/","title":{"rendered":"El espacio antes del espacio"},"content":{"rendered":"<p>[et_pb_section fb_built=&#8221;1&#8243; _builder_version=&#8221;4.27.4&#8243; _module_preset=&#8221;default&#8221; locked=&#8221;off&#8221; global_colors_info=&#8221;{}&#8221;][et_pb_row custom_padding_last_edited=&#8221;on|phone&#8221; _builder_version=&#8221;4.27.4&#8243; _module_preset=&#8221;default&#8221; width=&#8221;100%&#8221; max_width=&#8221;50%&#8221; max_width_tablet=&#8221;80%&#8221; max_width_phone=&#8221;80%&#8221; max_width_last_edited=&#8221;on|tablet&#8221; custom_padding=&#8221;0px||||false|false&#8221; custom_padding_tablet=&#8221;&#8221; custom_padding_phone=&#8221;0px||0px||false|false&#8221; global_colors_info=&#8221;{}&#8221;][et_pb_column type=&#8221;4_4&#8243; _builder_version=&#8221;4.27.4&#8243; _module_preset=&#8221;default&#8221; global_colors_info=&#8221;{}&#8221;][et_pb_text admin_label=&#8221;Testo&#8221; _builder_version=&#8221;4.27.6&#8243; _module_preset=&#8221;default&#8221; text_font_size=&#8221;36px&#8221; text_line_height=&#8221;43px&#8221; text_font_size_tablet=&#8221;36px&#8221; text_font_size_phone=&#8221;25px&#8221; text_font_size_last_edited=&#8221;on|phone&#8221; text_line_height_tablet=&#8221;43px&#8221; text_line_height_phone=&#8221;30px&#8221; text_line_height_last_edited=&#8221;on|phone&#8221; global_colors_info=&#8221;{}&#8221;]<\/p>\n<p>El dise\u00f1ador Alberto Di Martino cuenta el proyecto de los espacios de trabajo en los Cantieri Renier de Carini<\/p>\n<p>[\/et_pb_text][\/et_pb_column][\/et_pb_row][\/et_pb_section][et_pb_section fb_built=&#8221;1&#8243; _builder_version=&#8221;4.27.4&#8243; _module_preset=&#8221;default&#8221; custom_padding=&#8221;0px||0px||true|false&#8221; locked=&#8221;off&#8221; global_colors_info=&#8221;{}&#8221;][et_pb_row _builder_version=&#8221;4.27.4&#8243; _module_preset=&#8221;default&#8221; custom_padding=&#8221;0px||0px||true|false&#8221; global_colors_info=&#8221;{}&#8221;][et_pb_column type=&#8221;4_4&#8243; _builder_version=&#8221;4.27.4&#8243; _module_preset=&#8221;default&#8221; global_colors_info=&#8221;{}&#8221;][et_pb_image src=&#8221;https:\/\/skema.eu\/wp-content\/uploads\/2026\/03\/Cantieri-Renier-1.jpg&#8221; alt=&#8221;Cantieri Renier&#8221; title_text=&#8221;Cantieri Renier&#8221; align=&#8221;center&#8221; force_fullwidth=&#8221;on&#8221; _builder_version=&#8221;4.27.6&#8243; _module_preset=&#8221;default&#8221; global_colors_info=&#8221;{}&#8221;][\/et_pb_image][\/et_pb_column][\/et_pb_row][\/et_pb_section][et_pb_section fb_built=&#8221;1&#8243; _builder_version=&#8221;4.27.4&#8243; _module_preset=&#8221;default&#8221; custom_padding=&#8221;||0px||false|false&#8221; locked=&#8221;off&#8221; global_colors_info=&#8221;{}&#8221;][et_pb_row _builder_version=&#8221;4.27.4&#8243; _module_preset=&#8221;default&#8221; width=&#8221;100%&#8221; max_width=&#8221;50%&#8221; max_width_tablet=&#8221;80%&#8221; max_width_phone=&#8221;80%&#8221; max_width_last_edited=&#8221;on|tablet&#8221; custom_padding=&#8221;0px||||false|false&#8221; global_colors_info=&#8221;{}&#8221;][et_pb_column type=&#8221;4_4&#8243; _builder_version=&#8221;4.27.4&#8243; _module_preset=&#8221;default&#8221; global_colors_info=&#8221;{}&#8221;][et_pb_text _builder_version=&#8221;4.27.6&#8243; _module_preset=&#8221;default&#8221; text_font_size=&#8221;18px&#8221; text_line_height=&#8221;1.8em&#8221; custom_padding=&#8221;||0px|||&#8221; text_font_size_tablet=&#8221;18px&#8221; text_font_size_phone=&#8221;16px&#8221; text_font_size_last_edited=&#8221;on|phone&#8221; global_colors_info=&#8221;{}&#8221;]<\/p>\n<p>Existe un hilo sutil, pero reconocible, que atraviesa el trabajo de Alberto Di Martino: la convicci\u00f3n de que el espacio de trabajo no es un marco neutro de la actividad productiva, sino una de sus componentes constitutivas. Dise\u00f1ador de interiores con una larga experiencia en el sector del mobiliario, Di Martino crea entornos que no se limitan a responder a un programa funcional, sino que lo interpretan, devolviendo a las personas una percepci\u00f3n coherente de la identidad de la organizaci\u00f3n en la que trabajan. Su investigaci\u00f3n se mueve en la intersecci\u00f3n entre ergonom\u00eda, materialidad y narrativa: cada elecci\u00f3n, desde la distribuci\u00f3n de los espacios hasta la selecci\u00f3n de los materiales, est\u00e1 pensada para producir un efecto preciso en la calidad perceptiva del entorno, sin caer nunca en el decorativismo. En este marco se inscribe el reciente proyecto para los Cantieri Renier de Carini, una referencia en la producci\u00f3n n\u00e1utica de alta gama.<\/p>\n<p>[\/et_pb_text][et_pb_image src=&#8221;https:\/\/skema.eu\/wp-content\/uploads\/2026\/03\/Cantieri-Renier-8.jpg&#8221; alt=&#8221;Cantieri Renier&#8221; title_text=&#8221;Cantieri Renier 8&#8243; align=&#8221;center&#8221; force_fullwidth=&#8221;on&#8221; _builder_version=&#8221;4.27.6&#8243; _module_preset=&#8221;default&#8221; global_colors_info=&#8221;{}&#8221;][\/et_pb_image][et_pb_text _builder_version=&#8221;4.27.6&#8243; _module_preset=&#8221;default&#8221; text_font_size=&#8221;18px&#8221; text_line_height=&#8221;1.8em&#8221; text_font_size_tablet=&#8221;18px&#8221; text_font_size_phone=&#8221;16px&#8221; text_font_size_last_edited=&#8221;on|phone&#8221; global_colors_info=&#8221;{}&#8221;]<\/p>\n<p><strong>El proyecto comenz\u00f3 cuando el edificio a\u00fan estaba en fase de dise\u00f1o. \u00bfC\u00f3mo cambia el m\u00e9todo cuando interior y arquitectura se desarrollan simult\u00e1neamente?<\/strong><br \/>Desarrollar interior y arquitectura de forma simult\u00e1nea permite adaptar el espacio al usuario, evitando ajustes forzados a estructuras concebidas para otras funciones. Se obtiene una coherencia total entre continente y contenido gracias a la sinergia con el ingeniero estructural y la direcci\u00f3n de obra. Se negocia la distribuci\u00f3n de las instalaciones: integrarlas desde el principio invita a considerar las limitaciones como oportunidades de dise\u00f1o. Este enfoque permite optimizar los flujos de trabajo en un proyecto complejo como la construcci\u00f3n de una nave industrial y garantiza un resultado en el que cada cent\u00edmetro responde a una l\u00f3gica operativa precisa.<\/p>\n<p>[\/et_pb_text][dipl_masonry_gallery image_ids=&#8221;22037,22041,22045&#8243; number_of_columns=&#8221;3&#8243; image_size=&#8221;full&#8221; enable_lightbox=&#8221;on&#8221; _builder_version=&#8221;4.27.6&#8243; _module_preset=&#8221;default&#8221; global_colors_info=&#8221;{}&#8221;][\/dipl_masonry_gallery][et_pb_text _builder_version=&#8221;4.27.6&#8243; _module_preset=&#8221;default&#8221; text_font_size=&#8221;18px&#8221; text_line_height=&#8221;1.8em&#8221; text_font_size_tablet=&#8221;18px&#8221; text_font_size_phone=&#8221;16px&#8221; text_font_size_last_edited=&#8221;on|phone&#8221; global_colors_info=&#8221;{}&#8221;]<\/p>\n<p><strong>La transparencia es aqu\u00ed una herramienta de proyecto, no una elecci\u00f3n est\u00e9tica. \u00bfD\u00f3nde se sit\u00faa el l\u00edmite entre apertura y separaci\u00f3n funcional? <\/strong><\/p>\n<p>Por lo general prefiero la proporci\u00f3n \u00e1urea a la simetr\u00eda, pero aqu\u00ed la he utilizado para aportar rigor, aplicando las proporciones del n\u00famero \u00e1ureo a los espacios interiores. La transparencia transmite autoridad, mientras que la distribuci\u00f3n protege la privacidad de las \u00e1reas directivas y de descanso. Para controlar la continuidad visual, he alineado vol\u00famenes e iluminaci\u00f3n: la mesa de reuniones y los puestos operativos tienen el mismo tama\u00f1o y acabados id\u00e9nticos. El l\u00edmite es fluido: el visitante percibe la operatividad del astillero y de las \u00e1reas de dise\u00f1o, pero los flujos permanecen diferenciados y ordenados gracias al uso t\u00e9cnico de paredes de vidrio monol\u00edtico.<\/p>\n<p>[\/et_pb_text][dipl_masonry_gallery image_ids=&#8221;22033,22063&#8243; number_of_columns=&#8221;2&#8243; image_size=&#8221;full&#8221; enable_lightbox=&#8221;on&#8221; _builder_version=&#8221;4.27.6&#8243; _module_preset=&#8221;default&#8221; global_colors_info=&#8221;{}&#8221;][\/dipl_masonry_gallery][et_pb_text _builder_version=&#8221;4.27.6&#8243; _module_preset=&#8221;default&#8221; text_font_size=&#8221;18px&#8221; text_line_height=&#8221;1.8em&#8221; custom_margin=&#8221;||26px|||&#8221; text_font_size_tablet=&#8221;18px&#8221; text_font_size_phone=&#8221;16px&#8221; text_font_size_last_edited=&#8221;on|phone&#8221; global_colors_info=&#8221;{}&#8221;]<\/p>\n<p><strong>Para el suelo eligi\u00f3 Prestige Gold Hydro de Skema. \u00bfQu\u00e9 hizo que este producto fuera la soluci\u00f3n adecuada frente a las alternativas del mercado? <\/strong><\/p>\n<p>Esta soluci\u00f3n fue una elecci\u00f3n estrat\u00e9gica para introducir materialidad y calidez en un entorno dominado por el blanco mate, manteniendo el equilibrio del presupuesto. En comparaci\u00f3n con el parquet, ofrece alta resistencia y un mantenimiento m\u00ednimo; frente al gres efecto madera \u2014que a menudo considero poco aut\u00e9ntico y bastante fr\u00edo\u2014 proporciona una respuesta t\u00e1ctil y visual m\u00e1s natural. En este proyecto era fundamental garantizar resistencia al agua y estabilidad, caracter\u00edsticas solicitadas expl\u00edcitamente por el cliente para un entorno de trabajo intensivo. El suelo Prestige Gold Hydro permite as\u00ed combinar est\u00e9tica y prestaciones t\u00e9cnicas, manteniendo una superficie fiable incluso en un contexto operativo como el de los Cantieri Renier.<\/p>\n<p>[\/et_pb_text][dipl_masonry_gallery image_ids=&#8221;22071,22077&#8243; number_of_columns=&#8221;2&#8243; image_size=&#8221;full&#8221; enable_lightbox=&#8221;on&#8221; _builder_version=&#8221;4.27.6&#8243; _module_preset=&#8221;default&#8221; global_colors_info=&#8221;{}&#8221;][\/dipl_masonry_gallery][et_pb_text _builder_version=&#8221;4.27.6&#8243; _module_preset=&#8221;default&#8221; text_font_size=&#8221;18px&#8221; text_line_height=&#8221;1.8em&#8221; text_font_size_tablet=&#8221;18px&#8221; text_font_size_phone=&#8221;16px&#8221; text_font_size_last_edited=&#8221;on|phone&#8221; global_colors_info=&#8221;{}&#8221;]<\/p>\n<p><strong>\u00bfCu\u00e1l fue el criterio que gui\u00f3 las decisiones distributivas y materiales?<\/strong><\/p>\n<p>He puesto en relaci\u00f3n el suelo Prestige Gold Hydro de Skema, en el acabado Roble Sole, con paneles de aut\u00e9ntico roble chapado, buscando una correspondencia crom\u00e1tica precisa entre materiales de naturaleza y comportamiento diferentes. La madera sigue una jerarqu\u00eda funcional: m\u00e1s presente en las \u00e1reas representativas, m\u00e1s esencial en las t\u00e9cnicas. El criterio rector es siempre el n\u00famero \u00e1ureo: las lamas revisten exactamente un tercio de las superficies verticales donde se colocan. Esta continuidad entre suelo y paredes crea una caja arquitect\u00f3nica legible y coherente, donde la textura natural del roble suaviza el rigor t\u00e9cnico del entorno y gu\u00eda la mirada a trav\u00e9s de las distintas zonas. Un detalle t\u00e9cnico: he incorporado las juntas de dilataci\u00f3n modificando los perfiles de los tabiques y en los umbrales de las puertas, manteniendo el suelo flotante sin interrupciones visuales antiest\u00e9ticas, completado con un rodapi\u00e9 blanco minimalista.<\/p>\n<p>[\/et_pb_text][dipl_masonry_gallery image_ids=&#8221;22067,22085&#8243; number_of_columns=&#8221;2&#8243; image_size=&#8221;full&#8221; enable_lightbox=&#8221;on&#8221; _builder_version=&#8221;4.27.6&#8243; _module_preset=&#8221;default&#8221; global_colors_info=&#8221;{}&#8221;][\/dipl_masonry_gallery][et_pb_text _builder_version=&#8221;4.27.6&#8243; _module_preset=&#8221;default&#8221; text_font_size=&#8221;18px&#8221; text_line_height=&#8221;1.8em&#8221; text_font_size_tablet=&#8221;18px&#8221; text_font_size_phone=&#8221;16px&#8221; text_font_size_last_edited=&#8221;on|phone&#8221; global_colors_info=&#8221;{}&#8221;]<\/p>\n<p><strong>\u00bfQu\u00e9 importancia tiene hoy concebir los espacios de trabajo como sistemas adaptables, capaces de acoger transformaciones futuras sin perder coherencia? <\/strong><\/p>\n<p>Un proyecto actual debe ser un sistema en evoluci\u00f3n, capaz de acoger cambios sin traicionar la idea original. Con el pavimento t\u00e9cnico de Skema, he podido garantizar durabilidad y facilidad de restauraci\u00f3n, asegurando una superficie preparada para soportar en el tiempo posibles transformaciones de uso. Mi m\u00e9todo sit\u00faa el an\u00e1lisis estrat\u00e9gico en primer lugar: escucho las necesidades reales del cliente para ofrecer soluciones concretas. No elijo mobiliario o materiales para seguir una firma o una marca, sino que selecciono exclusivamente lo necesario para el proyecto, respetando rigurosamente el presupuesto y las necesidades del cliente. El espacio debe ser una herramienta de trabajo que funcione, capaz de adaptarse a nuevas exigencias operativas sin perder coherencia.<\/p>\n<p>[\/et_pb_text][\/et_pb_column][\/et_pb_row][\/et_pb_section][et_pb_section fb_built=&#8221;1&#8243; custom_padding_last_edited=&#8221;on|phone&#8221; _builder_version=&#8221;4.27.4&#8243; _module_preset=&#8221;default&#8221; custom_padding=&#8221;0px||||false|false&#8221; custom_padding_tablet=&#8221;0px||||false|false&#8221; custom_padding_phone=&#8221;0px||0px||false|false&#8221; locked=&#8221;off&#8221; global_colors_info=&#8221;{}&#8221;][et_pb_row column_structure=&#8221;1_2,1_2&#8243; make_equal=&#8221;on&#8221; custom_padding_last_edited=&#8221;on|phone&#8221; module_class=&#8221;reverse&#8221; _builder_version=&#8221;4.27.4&#8243; _module_preset=&#8221;default&#8221; custom_padding_tablet=&#8221;&#8221; custom_padding_phone=&#8221;0px||||false|false&#8221; custom_css_main_element=&#8221;align-items:center;&#8221; global_colors_info=&#8221;{}&#8221;][et_pb_column type=&#8221;1_2&#8243; _builder_version=&#8221;4.27.4&#8243; _module_preset=&#8221;default&#8221; global_colors_info=&#8221;{}&#8221;][et_pb_image src=&#8221;https:\/\/skema.eu\/wp-content\/uploads\/2026\/03\/Cantieri-Renier-15.jpg&#8221; title_text=&#8221;Cantieri Renier 15&#8243; show_in_lightbox=&#8221;on&#8221; _builder_version=&#8221;4.27.6&#8243; _module_preset=&#8221;default&#8221; global_colors_info=&#8221;{}&#8221;][\/et_pb_image][\/et_pb_column][et_pb_column type=&#8221;1_2&#8243; _builder_version=&#8221;4.27.4&#8243; _module_preset=&#8221;default&#8221; global_colors_info=&#8221;{}&#8221;][et_pb_text _builder_version=&#8221;4.27.6&#8243; _module_preset=&#8221;default&#8221; text_font_size=&#8221;18px&#8221; text_line_height=&#8221;1.8em&#8221; header_3_font_size=&#8221;36px&#8221; custom_margin=&#8221;5%||1%||false|false&#8221; hover_enabled=&#8221;0&#8243; global_colors_info=&#8221;{}&#8221; sticky_enabled=&#8221;0&#8243;]<\/p>\n<h3><strong>Detalles del proyecto<\/strong><\/h3>\n<p>[\/et_pb_text][et_pb_text _builder_version=&#8221;4.27.6&#8243; _module_preset=&#8221;default&#8221; text_font_size=&#8221;18px&#8221; text_line_height=&#8221;1.8em&#8221; text_font_size_tablet=&#8221;18px&#8221; text_font_size_phone=&#8221;16px&#8221; text_font_size_last_edited=&#8221;on|phone&#8221; global_colors_info=&#8221;{}&#8221;]<\/p>\n<p>Project:\u00a0<strong>Alberto Di Martino &#8211; Interior Designer<\/strong><b><a class=\"ms-outlook-linkify\" href=\"http:\/\/www.studiogorga.com\" target=\"_blank\" rel=\"noopener\"><\/a><\/b><\/p>\n<p>Web<strong>: <\/strong><b><a class=\"ms-outlook-linkify\" href=\"http:\/\/www.alberto4house.com\" target=\"_blank\" rel=\"noopener\"><u><\/u><\/a><u><a href=\"https:\/\/www.alberto4house.com\/\" title=\"https:\/\/www.alberto4house.com\/\" data-outlook-id=\"886fd465-54d6-4118-b53c-2b5f04cceb84\">www.alberto4house.com<\/a><\/u><\/b><\/p>\n<p>Photo: <strong>Giovanni Costagliola ARCHIFOTOGRAFIA<\/strong><\/p>\n<p>[\/et_pb_text][\/et_pb_column][\/et_pb_row][\/et_pb_section]<\/p>\n","protected":false},"excerpt":{"rendered":"<p>C&#8217;\u00e8 un filo sottile, ma riconoscibile, che attraversa il lavoro di Alberto Di Martino: la convinzione che lo spazio di lavoro non sia una cornice neutra dell&#8217;attivit\u00e0 produttiva, ma una delle sue componenti costitutive.<\/p>\n","protected":false},"author":9986,"featured_media":22024,"comment_status":"closed","ping_status":"closed","sticky":false,"template":"","format":"standard","meta":{"_acf_changed":false,"_et_pb_use_builder":"on","_et_pb_old_content":"","_et_gb_content_width":"","inline_featured_image":false,"footnotes":""},"categories":[318],"tags":[],"class_list":["post-22116","post","type-post","status-publish","format-standard","has-post-thumbnail","hentry","category-realizaciones"],"acf":[],"yoast_head":"<!-- This site is optimized with the Yoast SEO plugin v27.1.1 - https:\/\/yoast.com\/product\/yoast-seo-wordpress\/ -->\n<title>El espacio antes del espacio - Skema<\/title>\n<meta name=\"description\" content=\"C&#039;\u00e8 un filo sottile, ma riconoscibile, che attraversa il lavoro di Alberto Di Martino: la convinzione che lo spazio di lavoro non sia una cornice neutra dell&#039;attivit\u00e0 produttiva, ma una delle sue componenti costitutive.\" \/>\n<meta name=\"robots\" content=\"index, follow, max-snippet:-1, max-image-preview:large, max-video-preview:-1\" \/>\n<link rel=\"canonical\" href=\"https:\/\/skema.eu\/es\/el-espacio-antes-del-espacio\/\" \/>\n<meta property=\"og:locale\" content=\"es_ES\" \/>\n<meta property=\"og:type\" content=\"article\" \/>\n<meta property=\"og:title\" content=\"Lo spazio prima dello spazio\" \/>\n<meta property=\"og:description\" content=\"C&#039;\u00e8 un filo sottile, ma riconoscibile, che attraversa il lavoro di Alberto Di Martino: la convinzione che lo spazio di lavoro non sia una cornice neutra dell&#039;attivit\u00e0 produttiva, ma una delle sue componenti costitutive.\" \/>\n<meta property=\"og:url\" content=\"https:\/\/skema.eu\/es\/el-espacio-antes-del-espacio\/\" \/>\n<meta property=\"og:site_name\" content=\"Skema\" \/>\n<meta property=\"article:publisher\" content=\"https:\/\/www.facebook.com\/skema.eu\" \/>\n<meta property=\"article:published_time\" content=\"2026-03-20T13:20:51+00:00\" \/>\n<meta property=\"article:modified_time\" content=\"2026-03-23T16:45:02+00:00\" \/>\n<meta property=\"og:image\" content=\"https:\/\/skema.eu\/wp-content\/uploads\/2026\/03\/Cantieri-Renier-copertina.jpg\" \/>\n\t<meta property=\"og:image:width\" content=\"1920\" \/>\n\t<meta property=\"og:image:height\" content=\"1281\" \/>\n\t<meta property=\"og:image:type\" content=\"image\/jpeg\" \/>\n<meta name=\"author\" content=\"Cristina Miseo\" \/>\n<meta name=\"twitter:card\" content=\"summary_large_image\" \/>\n<meta name=\"twitter:label1\" content=\"Escrito por\" \/>\n\t<meta name=\"twitter:data1\" content=\"Cristina Miseo\" \/>\n\t<meta name=\"twitter:label2\" content=\"Tiempo de lectura\" \/>\n\t<meta name=\"twitter:data2\" content=\"7 minutos\" \/>\n<script type=\"application\/ld+json\" class=\"yoast-schema-graph\">{\"@context\":\"https:\/\/schema.org\",\"@graph\":[{\"@type\":\"Article\",\"@id\":\"https:\/\/skema.eu\/es\/el-espacio-antes-del-espacio\/#article\",\"isPartOf\":{\"@id\":\"https:\/\/skema.eu\/es\/el-espacio-antes-del-espacio\/\"},\"author\":{\"name\":\"Cristina Miseo\",\"@id\":\"https:\/\/skema.eu\/es\/#\/schema\/person\/300bdb705c56dc472eccd8ee8ff3a908\"},\"headline\":\"El espacio antes del espacio\",\"datePublished\":\"2026-03-20T13:20:51+00:00\",\"dateModified\":\"2026-03-23T16:45:02+00:00\",\"mainEntityOfPage\":{\"@id\":\"https:\/\/skema.eu\/es\/el-espacio-antes-del-espacio\/\"},\"wordCount\":1841,\"publisher\":{\"@id\":\"https:\/\/skema.eu\/es\/#organization\"},\"image\":{\"@id\":\"https:\/\/skema.eu\/es\/el-espacio-antes-del-espacio\/#primaryimage\"},\"thumbnailUrl\":\"https:\/\/skema.eu\/wp-content\/uploads\/2026\/03\/Cantieri-Renier-copertina.jpg\",\"articleSection\":[\"Realizaciones\"],\"inLanguage\":\"es\"},{\"@type\":\"WebPage\",\"@id\":\"https:\/\/skema.eu\/es\/el-espacio-antes-del-espacio\/\",\"url\":\"https:\/\/skema.eu\/es\/el-espacio-antes-del-espacio\/\",\"name\":\"El espacio antes del espacio - Skema\",\"isPartOf\":{\"@id\":\"https:\/\/skema.eu\/es\/#website\"},\"primaryImageOfPage\":{\"@id\":\"https:\/\/skema.eu\/es\/el-espacio-antes-del-espacio\/#primaryimage\"},\"image\":{\"@id\":\"https:\/\/skema.eu\/es\/el-espacio-antes-del-espacio\/#primaryimage\"},\"thumbnailUrl\":\"https:\/\/skema.eu\/wp-content\/uploads\/2026\/03\/Cantieri-Renier-copertina.jpg\",\"datePublished\":\"2026-03-20T13:20:51+00:00\",\"dateModified\":\"2026-03-23T16:45:02+00:00\",\"description\":\"C'\u00e8 un filo sottile, ma riconoscibile, che attraversa il lavoro di Alberto Di Martino: la convinzione che lo spazio di lavoro non sia una cornice neutra dell'attivit\u00e0 produttiva, ma una delle sue componenti costitutive.\",\"breadcrumb\":{\"@id\":\"https:\/\/skema.eu\/es\/el-espacio-antes-del-espacio\/#breadcrumb\"},\"inLanguage\":\"es\",\"potentialAction\":[{\"@type\":\"ReadAction\",\"target\":[\"https:\/\/skema.eu\/es\/el-espacio-antes-del-espacio\/\"]}]},{\"@type\":\"ImageObject\",\"inLanguage\":\"es\",\"@id\":\"https:\/\/skema.eu\/es\/el-espacio-antes-del-espacio\/#primaryimage\",\"url\":\"https:\/\/skema.eu\/wp-content\/uploads\/2026\/03\/Cantieri-Renier-copertina.jpg\",\"contentUrl\":\"https:\/\/skema.eu\/wp-content\/uploads\/2026\/03\/Cantieri-Renier-copertina.jpg\",\"width\":1920,\"height\":1281,\"caption\":\"Cantieri Renier\"},{\"@type\":\"BreadcrumbList\",\"@id\":\"https:\/\/skema.eu\/es\/el-espacio-antes-del-espacio\/#breadcrumb\",\"itemListElement\":[{\"@type\":\"ListItem\",\"position\":1,\"name\":\"Home\",\"item\":\"https:\/\/skema.eu\/es\/\"},{\"@type\":\"ListItem\",\"position\":2,\"name\":\"El espacio antes del espacio\"}]},{\"@type\":\"WebSite\",\"@id\":\"https:\/\/skema.eu\/es\/#website\",\"url\":\"https:\/\/skema.eu\/es\/\",\"name\":\"Skema\",\"description\":\"Superfici da Vivere\",\"publisher\":{\"@id\":\"https:\/\/skema.eu\/es\/#organization\"},\"potentialAction\":[{\"@type\":\"SearchAction\",\"target\":{\"@type\":\"EntryPoint\",\"urlTemplate\":\"https:\/\/skema.eu\/es\/?s={search_term_string}\"},\"query-input\":{\"@type\":\"PropertyValueSpecification\",\"valueRequired\":true,\"valueName\":\"search_term_string\"}}],\"inLanguage\":\"es\"},{\"@type\":\"Organization\",\"@id\":\"https:\/\/skema.eu\/es\/#organization\",\"name\":\"Skema S.p.a Unipersonale\",\"url\":\"https:\/\/skema.eu\/es\/\",\"logo\":{\"@type\":\"ImageObject\",\"inLanguage\":\"es\",\"@id\":\"https:\/\/skema.eu\/es\/#\/schema\/logo\/image\/\",\"url\":\"https:\/\/skema.eu\/wp-content\/uploads\/2025\/04\/copertina-standard-sito_161202517452.webp\",\"contentUrl\":\"https:\/\/skema.eu\/wp-content\/uploads\/2025\/04\/copertina-standard-sito_161202517452.webp\",\"width\":600,\"height\":424,\"caption\":\"Skema S.p.a Unipersonale\"},\"image\":{\"@id\":\"https:\/\/skema.eu\/es\/#\/schema\/logo\/image\/\"},\"sameAs\":[\"https:\/\/www.facebook.com\/skema.eu\"]},{\"@type\":\"Person\",\"@id\":\"https:\/\/skema.eu\/es\/#\/schema\/person\/300bdb705c56dc472eccd8ee8ff3a908\",\"name\":\"Cristina Miseo\",\"image\":{\"@type\":\"ImageObject\",\"inLanguage\":\"es\",\"@id\":\"https:\/\/skema.eu\/es\/#\/schema\/person\/image\/\",\"url\":\"https:\/\/secure.gravatar.com\/avatar\/f0c051d5b5d55f11df846dbff6161d23b6b626820f66764f6e34370d4312e9af?s=96&d=mm&r=g\",\"contentUrl\":\"https:\/\/secure.gravatar.com\/avatar\/f0c051d5b5d55f11df846dbff6161d23b6b626820f66764f6e34370d4312e9af?s=96&d=mm&r=g\",\"caption\":\"Cristina Miseo\"}}]}<\/script>\n<!-- \/ Yoast SEO plugin. -->","yoast_head_json":{"title":"El espacio antes del espacio - Skema","description":"C'\u00e8 un filo sottile, ma riconoscibile, che attraversa il lavoro di Alberto Di Martino: la convinzione che lo spazio di lavoro non sia una cornice neutra dell'attivit\u00e0 produttiva, ma una delle sue componenti costitutive.","robots":{"index":"index","follow":"follow","max-snippet":"max-snippet:-1","max-image-preview":"max-image-preview:large","max-video-preview":"max-video-preview:-1"},"canonical":"https:\/\/skema.eu\/es\/el-espacio-antes-del-espacio\/","og_locale":"es_ES","og_type":"article","og_title":"Lo spazio prima dello spazio","og_description":"C'\u00e8 un filo sottile, ma riconoscibile, che attraversa il lavoro di Alberto Di Martino: la convinzione che lo spazio di lavoro non sia una cornice neutra dell'attivit\u00e0 produttiva, ma una delle sue componenti costitutive.","og_url":"https:\/\/skema.eu\/es\/el-espacio-antes-del-espacio\/","og_site_name":"Skema","article_publisher":"https:\/\/www.facebook.com\/skema.eu","article_published_time":"2026-03-20T13:20:51+00:00","article_modified_time":"2026-03-23T16:45:02+00:00","og_image":[{"width":1920,"height":1281,"url":"https:\/\/skema.eu\/wp-content\/uploads\/2026\/03\/Cantieri-Renier-copertina.jpg","type":"image\/jpeg"}],"author":"Cristina Miseo","twitter_card":"summary_large_image","twitter_misc":{"Escrito por":"Cristina Miseo","Tiempo de lectura":"7 minutos"},"schema":{"@context":"https:\/\/schema.org","@graph":[{"@type":"Article","@id":"https:\/\/skema.eu\/es\/el-espacio-antes-del-espacio\/#article","isPartOf":{"@id":"https:\/\/skema.eu\/es\/el-espacio-antes-del-espacio\/"},"author":{"name":"Cristina Miseo","@id":"https:\/\/skema.eu\/es\/#\/schema\/person\/300bdb705c56dc472eccd8ee8ff3a908"},"headline":"El espacio antes del espacio","datePublished":"2026-03-20T13:20:51+00:00","dateModified":"2026-03-23T16:45:02+00:00","mainEntityOfPage":{"@id":"https:\/\/skema.eu\/es\/el-espacio-antes-del-espacio\/"},"wordCount":1841,"publisher":{"@id":"https:\/\/skema.eu\/es\/#organization"},"image":{"@id":"https:\/\/skema.eu\/es\/el-espacio-antes-del-espacio\/#primaryimage"},"thumbnailUrl":"https:\/\/skema.eu\/wp-content\/uploads\/2026\/03\/Cantieri-Renier-copertina.jpg","articleSection":["Realizaciones"],"inLanguage":"es"},{"@type":"WebPage","@id":"https:\/\/skema.eu\/es\/el-espacio-antes-del-espacio\/","url":"https:\/\/skema.eu\/es\/el-espacio-antes-del-espacio\/","name":"El espacio antes del espacio - Skema","isPartOf":{"@id":"https:\/\/skema.eu\/es\/#website"},"primaryImageOfPage":{"@id":"https:\/\/skema.eu\/es\/el-espacio-antes-del-espacio\/#primaryimage"},"image":{"@id":"https:\/\/skema.eu\/es\/el-espacio-antes-del-espacio\/#primaryimage"},"thumbnailUrl":"https:\/\/skema.eu\/wp-content\/uploads\/2026\/03\/Cantieri-Renier-copertina.jpg","datePublished":"2026-03-20T13:20:51+00:00","dateModified":"2026-03-23T16:45:02+00:00","description":"C'\u00e8 un filo sottile, ma riconoscibile, che attraversa il lavoro di Alberto Di Martino: la convinzione che lo spazio di lavoro non sia una cornice neutra dell'attivit\u00e0 produttiva, ma una delle sue componenti costitutive.","breadcrumb":{"@id":"https:\/\/skema.eu\/es\/el-espacio-antes-del-espacio\/#breadcrumb"},"inLanguage":"es","potentialAction":[{"@type":"ReadAction","target":["https:\/\/skema.eu\/es\/el-espacio-antes-del-espacio\/"]}]},{"@type":"ImageObject","inLanguage":"es","@id":"https:\/\/skema.eu\/es\/el-espacio-antes-del-espacio\/#primaryimage","url":"https:\/\/skema.eu\/wp-content\/uploads\/2026\/03\/Cantieri-Renier-copertina.jpg","contentUrl":"https:\/\/skema.eu\/wp-content\/uploads\/2026\/03\/Cantieri-Renier-copertina.jpg","width":1920,"height":1281,"caption":"Cantieri Renier"},{"@type":"BreadcrumbList","@id":"https:\/\/skema.eu\/es\/el-espacio-antes-del-espacio\/#breadcrumb","itemListElement":[{"@type":"ListItem","position":1,"name":"Home","item":"https:\/\/skema.eu\/es\/"},{"@type":"ListItem","position":2,"name":"El espacio antes del espacio"}]},{"@type":"WebSite","@id":"https:\/\/skema.eu\/es\/#website","url":"https:\/\/skema.eu\/es\/","name":"Skema","description":"Superfici da Vivere","publisher":{"@id":"https:\/\/skema.eu\/es\/#organization"},"potentialAction":[{"@type":"SearchAction","target":{"@type":"EntryPoint","urlTemplate":"https:\/\/skema.eu\/es\/?s={search_term_string}"},"query-input":{"@type":"PropertyValueSpecification","valueRequired":true,"valueName":"search_term_string"}}],"inLanguage":"es"},{"@type":"Organization","@id":"https:\/\/skema.eu\/es\/#organization","name":"Skema S.p.a Unipersonale","url":"https:\/\/skema.eu\/es\/","logo":{"@type":"ImageObject","inLanguage":"es","@id":"https:\/\/skema.eu\/es\/#\/schema\/logo\/image\/","url":"https:\/\/skema.eu\/wp-content\/uploads\/2025\/04\/copertina-standard-sito_161202517452.webp","contentUrl":"https:\/\/skema.eu\/wp-content\/uploads\/2025\/04\/copertina-standard-sito_161202517452.webp","width":600,"height":424,"caption":"Skema S.p.a Unipersonale"},"image":{"@id":"https:\/\/skema.eu\/es\/#\/schema\/logo\/image\/"},"sameAs":["https:\/\/www.facebook.com\/skema.eu"]},{"@type":"Person","@id":"https:\/\/skema.eu\/es\/#\/schema\/person\/300bdb705c56dc472eccd8ee8ff3a908","name":"Cristina Miseo","image":{"@type":"ImageObject","inLanguage":"es","@id":"https:\/\/skema.eu\/es\/#\/schema\/person\/image\/","url":"https:\/\/secure.gravatar.com\/avatar\/f0c051d5b5d55f11df846dbff6161d23b6b626820f66764f6e34370d4312e9af?s=96&d=mm&r=g","contentUrl":"https:\/\/secure.gravatar.com\/avatar\/f0c051d5b5d55f11df846dbff6161d23b6b626820f66764f6e34370d4312e9af?s=96&d=mm&r=g","caption":"Cristina Miseo"}}]}},"_links":{"self":[{"href":"https:\/\/skema.eu\/es\/wp-json\/wp\/v2\/posts\/22116","targetHints":{"allow":["GET"]}}],"collection":[{"href":"https:\/\/skema.eu\/es\/wp-json\/wp\/v2\/posts"}],"about":[{"href":"https:\/\/skema.eu\/es\/wp-json\/wp\/v2\/types\/post"}],"author":[{"embeddable":true,"href":"https:\/\/skema.eu\/es\/wp-json\/wp\/v2\/users\/9986"}],"replies":[{"embeddable":true,"href":"https:\/\/skema.eu\/es\/wp-json\/wp\/v2\/comments?post=22116"}],"version-history":[{"count":4,"href":"https:\/\/skema.eu\/es\/wp-json\/wp\/v2\/posts\/22116\/revisions"}],"predecessor-version":[{"id":22130,"href":"https:\/\/skema.eu\/es\/wp-json\/wp\/v2\/posts\/22116\/revisions\/22130"}],"wp:featuredmedia":[{"embeddable":true,"href":"https:\/\/skema.eu\/es\/wp-json\/wp\/v2\/media\/22024"}],"wp:attachment":[{"href":"https:\/\/skema.eu\/es\/wp-json\/wp\/v2\/media?parent=22116"}],"wp:term":[{"taxonomy":"category","embeddable":true,"href":"https:\/\/skema.eu\/es\/wp-json\/wp\/v2\/categories?post=22116"},{"taxonomy":"post_tag","embeddable":true,"href":"https:\/\/skema.eu\/es\/wp-json\/wp\/v2\/tags?post=22116"}],"curies":[{"name":"wp","href":"https:\/\/api.w.org\/{rel}","templated":true}]}}