{"id":20221,"date":"2025-09-29T15:48:55","date_gmt":"2025-09-29T13:48:55","guid":{"rendered":"https:\/\/skema.eu\/?p=20221"},"modified":"2025-09-30T12:06:14","modified_gmt":"2025-09-30T10:06:14","slug":"skema-en-cersaie-2025-un-exito-de-publico-entre-experiencias-y-relaciones","status":"publish","type":"post","link":"https:\/\/skema.eu\/es\/skema-en-cersaie-2025-un-exito-de-publico-entre-experiencias-y-relaciones\/","title":{"rendered":"Skema en Cersaie 2025: un \u00e9xito de p\u00fablico entre experiencias y relaciones"},"content":{"rendered":"<p>[et_pb_section fb_built=&#8221;1&#8243; _builder_version=&#8221;4.27.4&#8243; _module_preset=&#8221;default&#8221; locked=&#8221;off&#8221; global_colors_info=&#8221;{}&#8221; theme_builder_area=&#8221;post_content&#8221;][et_pb_row custom_padding_last_edited=&#8221;on|phone&#8221; _builder_version=&#8221;4.27.4&#8243; _module_preset=&#8221;default&#8221; width=&#8221;100%&#8221; max_width=&#8221;50%&#8221; max_width_tablet=&#8221;80%&#8221; max_width_phone=&#8221;80%&#8221; max_width_last_edited=&#8221;on|tablet&#8221; custom_padding_tablet=&#8221;&#8221; custom_padding_phone=&#8221;0px||0px||false|false&#8221; global_colors_info=&#8221;{}&#8221; theme_builder_area=&#8221;post_content&#8221;][et_pb_column type=&#8221;4_4&#8243; _builder_version=&#8221;4.27.4&#8243; _module_preset=&#8221;default&#8221; global_colors_info=&#8221;{}&#8221; theme_builder_area=&#8221;post_content&#8221;][et_pb_text _builder_version=&#8221;4.27.4&#8243; _module_preset=&#8221;default&#8221; text_font_size=&#8221;36px&#8221; text_line_height=&#8221;43px&#8221; text_font_size_tablet=&#8221;36px&#8221; text_font_size_phone=&#8221;25px&#8221; text_font_size_last_edited=&#8221;on|phone&#8221; text_line_height_tablet=&#8221;43px&#8221; text_line_height_phone=&#8221;30px&#8221; text_line_height_last_edited=&#8221;on|phone&#8221; global_colors_info=&#8221;{}&#8221; theme_builder_area=&#8221;post_content&#8221;]<\/p>\n<p>De la novedad de las colecciones a la fuerza del equipo, Skema se reafirma como un referente en superficies c\u00e1lidas.<\/p>\n<p>[\/et_pb_text][\/et_pb_column][\/et_pb_row][\/et_pb_section][et_pb_section fb_built=&#8221;1&#8243; _builder_version=&#8221;4.27.4&#8243; _module_preset=&#8221;default&#8221; custom_padding=&#8221;0px||0px||true|false&#8221; locked=&#8221;off&#8221; global_colors_info=&#8221;{}&#8221; theme_builder_area=&#8221;post_content&#8221;][et_pb_row _builder_version=&#8221;4.27.4&#8243; _module_preset=&#8221;default&#8221; custom_padding=&#8221;0px||0px||true|false&#8221; global_colors_info=&#8221;{}&#8221; theme_builder_area=&#8221;post_content&#8221;][et_pb_column type=&#8221;4_4&#8243; _builder_version=&#8221;4.27.4&#8243; _module_preset=&#8221;default&#8221; global_colors_info=&#8221;{}&#8221; theme_builder_area=&#8221;post_content&#8221;][et_pb_image src=&#8221;https:\/\/skema.eu\/wp-content\/uploads\/2025\/09\/stand-skema-cersaie-2025-1.jpg&#8221; alt=&#8221;Stand Skema Cersaie 2025&#8243; title_text=&#8221;Stand Skema Cersaie 2025&#8243; align=&#8221;center&#8221; force_fullwidth=&#8221;on&#8221; admin_label=&#8221;Immagine&#8221; _builder_version=&#8221;4.27.4&#8243; _module_preset=&#8221;default&#8221; global_colors_info=&#8221;{}&#8221; theme_builder_area=&#8221;post_content&#8221;][\/et_pb_image][\/et_pb_column][\/et_pb_row][\/et_pb_section][et_pb_section fb_built=&#8221;1&#8243; _builder_version=&#8221;4.16&#8243; locked=&#8221;off&#8221; collapsed=&#8221;off&#8221; global_colors_info=&#8221;{}&#8221; theme_builder_area=&#8221;post_content&#8221;][et_pb_row _builder_version=&#8221;4.27.4&#8243; width=&#8221;100%&#8221; max_width=&#8221;50%&#8221; max_width_tablet=&#8221;80%&#8221; max_width_phone=&#8221;80%&#8221; max_width_last_edited=&#8221;on|tablet&#8221; custom_padding=&#8221;0px||||false|false&#8221; collapsed=&#8221;off&#8221; global_colors_info=&#8221;{}&#8221; theme_builder_area=&#8221;post_content&#8221;][et_pb_column type=&#8221;4_4&#8243; _builder_version=&#8221;4.16&#8243; custom_padding=&#8221;|||&#8221; global_colors_info=&#8221;{}&#8221; custom_padding__hover=&#8221;|||&#8221; theme_builder_area=&#8221;post_content&#8221;][et_pb_text _builder_version=&#8221;4.27.4&#8243; _module_preset=&#8221;default&#8221; text_font_size=&#8221;18px&#8221; text_line_height=&#8221;1.8em&#8221; link_font=&#8221;||||on||||&#8221; custom_padding=&#8221;||2px|||&#8221; text_font_size_tablet=&#8221;18px&#8221; text_font_size_phone=&#8221;16px&#8221; text_font_size_last_edited=&#8221;on|phone&#8221; global_colors_info=&#8221;{}&#8221; theme_builder_area=&#8221;post_content&#8221;]<\/p>\n<p>Cinco d\u00edas intensos, un flujo continuo de visitantes italianos y extranjeros, profesionales llegados de toda Europa y m\u00e1s all\u00e1: la presencia de <strong>Skema<\/strong> en <strong>Cersaie 2025<\/strong> se transform\u00f3 en un verdadero punto de referencia para arquitectos, dise\u00f1adores y <em>contratistas<\/em> en busca de soluciones innovadoras y coordinadas.<\/p>\n<p>[\/et_pb_text][et_pb_divider divider_style=&#8221;none&#8221; _builder_version=&#8221;4.27.4&#8243; _module_preset=&#8221;default&#8221; global_colors_info=&#8221;{}&#8221; theme_builder_area=&#8221;post_content&#8221;][\/et_pb_divider][et_pb_image src=&#8221;https:\/\/skema.eu\/wp-content\/uploads\/2025\/09\/stand-skema-cersaie-2025-2.jpg&#8221; alt=&#8221;Stand Skema Cersaie 2025&#8243; title_text=&#8221;Stand Skema Cersaie 2025&#8243; _builder_version=&#8221;4.27.4&#8243; _module_preset=&#8221;default&#8221; global_colors_info=&#8221;{}&#8221; theme_builder_area=&#8221;post_content&#8221;][\/et_pb_image][et_pb_text _builder_version=&#8221;4.27.4&#8243; _module_preset=&#8221;default&#8221; text_font_size=&#8221;18px&#8221; text_line_height=&#8221;1.8em&#8221; link_font=&#8221;||||on||||&#8221; custom_padding=&#8221;||0px|||&#8221; text_font_size_tablet=&#8221;18px&#8221; text_font_size_phone=&#8221;16px&#8221; text_font_size_last_edited=&#8221;on|phone&#8221; global_colors_info=&#8221;{}&#8221; theme_builder_area=&#8221;post_content&#8221;]<\/p>\n<p>El <em>stand<\/em>, concebido no como una arquitectura ef\u00edmera sino como un sistema replicable tambi\u00e9n en <em>showrooms<\/em> y puntos de venta, supo atraer a un p\u00fablico variado, intrigado por la claridad expositiva, las novedades de producto y la posibilidad de experimentar en vivo el m\u00e9todo <strong>Skema suelo\u2013pared\u2013techo<\/strong>. La nueva colecci\u00f3n <strong>Villa<\/strong> en roble y los paneles <strong>Mikro<\/strong> representaron los dos polos de innovaci\u00f3n m\u00e1s valorados, dando forma concreta a una idea de espacio capaz de unir est\u00e9tica, <em>confort<\/em> y funcionalidad. <\/p>\n<p>[\/et_pb_text][et_pb_divider divider_style=&#8221;none&#8221; _builder_version=&#8221;4.27.4&#8243; _module_preset=&#8221;default&#8221; global_colors_info=&#8221;{}&#8221; theme_builder_area=&#8221;post_content&#8221;][\/et_pb_divider][\/et_pb_column][\/et_pb_row][et_pb_row column_structure=&#8221;2_5,3_5&#8243; _builder_version=&#8221;4.27.4&#8243; _module_preset=&#8221;default&#8221; width=&#8221;100%&#8221; max_width=&#8221;50%&#8221; max_width_tablet=&#8221;80%&#8221; max_width_phone=&#8221;80%&#8221; max_width_last_edited=&#8221;on|tablet&#8221; custom_padding=&#8221;0px||||false|false&#8221; collapsed=&#8221;off&#8221; global_colors_info=&#8221;{}&#8221; theme_builder_area=&#8221;post_content&#8221;][et_pb_column type=&#8221;2_5&#8243; _builder_version=&#8221;4.27.4&#8243; _module_preset=&#8221;default&#8221; global_colors_info=&#8221;{}&#8221; theme_builder_area=&#8221;post_content&#8221;][et_pb_image src=&#8221;https:\/\/skema.eu\/wp-content\/uploads\/2025\/09\/Nicola-De-Menis-2.jpg&#8221; alt=&#8221;Nicola De Menis &#8221; title_text=&#8221;Nicola De Menis &#8221; force_fullwidth=&#8221;on&#8221; _builder_version=&#8221;4.27.4&#8243; _module_preset=&#8221;default&#8221; global_colors_info=&#8221;{}&#8221; theme_builder_area=&#8221;post_content&#8221;][\/et_pb_image][\/et_pb_column][et_pb_column type=&#8221;3_5&#8243; _builder_version=&#8221;4.27.4&#8243; _module_preset=&#8221;default&#8221; global_colors_info=&#8221;{}&#8221; theme_builder_area=&#8221;post_content&#8221;][et_pb_text _builder_version=&#8221;4.27.4&#8243; _module_preset=&#8221;default&#8221; text_font_size=&#8221;18px&#8221; text_line_height=&#8221;1.8em&#8221; link_font=&#8221;||||on||||&#8221; custom_padding=&#8221;||0px|||&#8221; text_font_size_tablet=&#8221;18px&#8221; text_font_size_phone=&#8221;16px&#8221; text_font_size_last_edited=&#8221;on|phone&#8221; global_colors_info=&#8221;{}&#8221; theme_builder_area=&#8221;post_content&#8221;]<\/p>\n<p>El \u00e9xito fue tambi\u00e9n, y sobre todo, un \u00e9xito de equipo. As\u00ed lo subraya con fuerza <strong>Nicola De Menis, CEO y Presidente de Skema<\/strong>: <em>\u00abLo que marca la diferencia es el equipo, es la energ\u00eda que mis colaboradores saben aportar. En Cersaie tuvimos la ocasi\u00f3n de mostrar no solo nuestros productos, sino sobre todo nuestra capacidad de relaci\u00f3n y escucha. Creo que la verdadera fuerza comercial de Skema no reside \u00fanicamente en la calidad, reconocida ya tras 33 a\u00f1os, sino en la amabilidad, en la forma de acoger, en poner a las personas en el centro del proyecto. Esa es la dimensi\u00f3n que hace \u00fanico nuestro enfoque\u00bb.<\/em> <\/p>\n<p>[\/et_pb_text][\/et_pb_column][\/et_pb_row][et_pb_row _builder_version=&#8221;4.27.4&#8243; width=&#8221;100%&#8221; max_width=&#8221;50%&#8221; max_width_tablet=&#8221;80%&#8221; max_width_phone=&#8221;80%&#8221; max_width_last_edited=&#8221;on|tablet&#8221; custom_padding=&#8221;0px||||false|false&#8221; collapsed=&#8221;off&#8221; global_colors_info=&#8221;{}&#8221; theme_builder_area=&#8221;post_content&#8221;][et_pb_column type=&#8221;4_4&#8243; _builder_version=&#8221;4.16&#8243; custom_padding=&#8221;|||&#8221; global_colors_info=&#8221;{}&#8221; custom_padding__hover=&#8221;|||&#8221; theme_builder_area=&#8221;post_content&#8221;][et_pb_divider divider_style=&#8221;none&#8221; _builder_version=&#8221;4.27.4&#8243; _module_preset=&#8221;default&#8221; global_colors_info=&#8221;{}&#8221; theme_builder_area=&#8221;post_content&#8221;][\/et_pb_divider][\/et_pb_column][\/et_pb_row][et_pb_row column_structure=&#8221;3_4,1_4&#8243; _builder_version=&#8221;4.27.4&#8243; _module_preset=&#8221;default&#8221; width=&#8221;100%&#8221; max_width=&#8221;50%&#8221; max_width_tablet=&#8221;80%&#8221; max_width_phone=&#8221;80%&#8221; max_width_last_edited=&#8221;on|tablet&#8221; custom_padding=&#8221;0px||||false|false&#8221; collapsed=&#8221;off&#8221; global_colors_info=&#8221;{}&#8221; theme_builder_area=&#8221;post_content&#8221;][et_pb_column type=&#8221;3_4&#8243; _builder_version=&#8221;4.27.4&#8243; _module_preset=&#8221;default&#8221; global_colors_info=&#8221;{}&#8221; theme_builder_area=&#8221;post_content&#8221;][et_pb_text _builder_version=&#8221;4.27.4&#8243; _module_preset=&#8221;default&#8221; text_font_size=&#8221;18px&#8221; text_line_height=&#8221;1.8em&#8221; link_font=&#8221;||||on||||&#8221; custom_padding=&#8221;||0px|||&#8221; text_font_size_tablet=&#8221;18px&#8221; text_font_size_phone=&#8221;16px&#8221; text_font_size_last_edited=&#8221;on|phone&#8221; global_colors_info=&#8221;{}&#8221; theme_builder_area=&#8221;post_content&#8221;]<\/p>\n<p>Una feria hist\u00f3ricamente ligada a la cer\u00e1mica, Cersaie confirm\u00f3 su apertura a materiales y sistemas m\u00e1s amplios, capaces de incluir las superficies c\u00e1lidas. Como observa <strong>Daniele Ferraiuolo, Director Comercial<\/strong>: <em>\u00abCersaie ya no es solo la feria del gres y de la cer\u00e1mica, sino un escenario internacional que habla a quienes imaginan y dise\u00f1an los espacios de manera integral. Para Skema representa una ocasi\u00f3n \u00fanica para mostrar suelos, paredes y techos como un sistema integrado, pero tambi\u00e9n para encontrarse con clientes y potenciales socios procedentes de mercados diversos. Este a\u00f1o percibimos una atenci\u00f3n especial hacia nuestra capacidad de ofrecer superficies c\u00e1lidas y ac\u00fasticamente eficientes: un mensaje que, gracias a este escaparate, encontr\u00f3 un p\u00fablico amplio y receptivo\u00bb.<\/em> <\/p>\n<p>[\/et_pb_text][\/et_pb_column][et_pb_column type=&#8221;1_4&#8243; _builder_version=&#8221;4.27.4&#8243; _module_preset=&#8221;default&#8221; global_colors_info=&#8221;{}&#8221; theme_builder_area=&#8221;post_content&#8221;][et_pb_image src=&#8221;https:\/\/skema.eu\/wp-content\/uploads\/2025\/09\/Daniele-Ferraiuolo.jpg&#8221; alt=&#8221;Daniele Ferraiuolo&#8221; title_text=&#8221;Daniele Ferraiuolo&#8221; force_fullwidth=&#8221;on&#8221; _builder_version=&#8221;4.27.4&#8243; _module_preset=&#8221;default&#8221; global_colors_info=&#8221;{}&#8221; theme_builder_area=&#8221;post_content&#8221;][\/et_pb_image][\/et_pb_column][\/et_pb_row][et_pb_row _builder_version=&#8221;4.27.4&#8243; width=&#8221;100%&#8221; max_width=&#8221;50%&#8221; max_width_tablet=&#8221;80%&#8221; max_width_phone=&#8221;80%&#8221; max_width_last_edited=&#8221;on|tablet&#8221; custom_padding=&#8221;0px||||false|false&#8221; collapsed=&#8221;off&#8221; global_colors_info=&#8221;{}&#8221; theme_builder_area=&#8221;post_content&#8221;][et_pb_column type=&#8221;4_4&#8243; _builder_version=&#8221;4.16&#8243; custom_padding=&#8221;|||&#8221; global_colors_info=&#8221;{}&#8221; custom_padding__hover=&#8221;|||&#8221; theme_builder_area=&#8221;post_content&#8221;][et_pb_divider divider_style=&#8221;none&#8221; _builder_version=&#8221;4.27.4&#8243; _module_preset=&#8221;default&#8221; global_colors_info=&#8221;{}&#8221; theme_builder_area=&#8221;post_content&#8221;][\/et_pb_divider][\/et_pb_column][\/et_pb_row][et_pb_row column_structure=&#8221;1_3,2_3&#8243; _builder_version=&#8221;4.27.4&#8243; _module_preset=&#8221;default&#8221; width=&#8221;100%&#8221; max_width=&#8221;50%&#8221; max_width_tablet=&#8221;80%&#8221; max_width_phone=&#8221;80%&#8221; max_width_last_edited=&#8221;on|tablet&#8221; custom_padding=&#8221;0px||||false|false&#8221; collapsed=&#8221;off&#8221; global_colors_info=&#8221;{}&#8221; theme_builder_area=&#8221;post_content&#8221;][et_pb_column type=&#8221;1_3&#8243; _builder_version=&#8221;4.27.4&#8243; _module_preset=&#8221;default&#8221; global_colors_info=&#8221;{}&#8221; theme_builder_area=&#8221;post_content&#8221;][et_pb_image src=&#8221;https:\/\/skema.eu\/wp-content\/uploads\/2025\/09\/Paolo-Zulian.jpg&#8221; alt=&#8221;Paolo Zulian&#8221; title_text=&#8221;Paolo Zulian&#8221; force_fullwidth=&#8221;on&#8221; _builder_version=&#8221;4.27.4&#8243; _module_preset=&#8221;default&#8221; global_colors_info=&#8221;{}&#8221; theme_builder_area=&#8221;post_content&#8221;][\/et_pb_image][\/et_pb_column][et_pb_column type=&#8221;2_3&#8243; _builder_version=&#8221;4.27.4&#8243; _module_preset=&#8221;default&#8221; global_colors_info=&#8221;{}&#8221; theme_builder_area=&#8221;post_content&#8221;][et_pb_text _builder_version=&#8221;4.27.4&#8243; _module_preset=&#8221;default&#8221; text_font_size=&#8221;18px&#8221; text_line_height=&#8221;1.8em&#8221; link_font=&#8221;||||on||||&#8221; custom_padding=&#8221;||0px|||&#8221; text_font_size_tablet=&#8221;18px&#8221; text_font_size_phone=&#8221;16px&#8221; text_font_size_last_edited=&#8221;on|phone&#8221; global_colors_info=&#8221;{}&#8221; theme_builder_area=&#8221;post_content&#8221;]<\/p>\n<p>La dimensi\u00f3n internacional fue, de hecho, central. <strong>Paolo Zulian, Export Manager<\/strong>, explica: <em>\u00abRecibimos numerosos visitantes de Francia, Espa\u00f1a, Portugal y de muchos otros pa\u00edses. No se limitaron a apreciar nuestros productos, sino que tambi\u00e9n reconocieron el valor de los servicios que Skema puede garantizar, desde el soporte t\u00e9cnico hasta la consultor\u00eda de proyectos. Esta combinaci\u00f3n entre calidad de los materiales y solidez organizativa nos permite presentarnos en los mercados exteriores como un socio fiable, capaz de ofrecer continuidad y respuestas concretas\u00bb.<\/em><\/p>\n<p>[\/et_pb_text][\/et_pb_column][\/et_pb_row][et_pb_row _builder_version=&#8221;4.27.4&#8243; width=&#8221;100%&#8221; max_width=&#8221;50%&#8221; max_width_tablet=&#8221;80%&#8221; max_width_phone=&#8221;80%&#8221; max_width_last_edited=&#8221;on|tablet&#8221; custom_padding=&#8221;0px||||false|false&#8221; collapsed=&#8221;off&#8221; global_colors_info=&#8221;{}&#8221; theme_builder_area=&#8221;post_content&#8221;][et_pb_column type=&#8221;4_4&#8243; _builder_version=&#8221;4.16&#8243; custom_padding=&#8221;|||&#8221; global_colors_info=&#8221;{}&#8221; custom_padding__hover=&#8221;|||&#8221; theme_builder_area=&#8221;post_content&#8221;][et_pb_divider divider_style=&#8221;none&#8221; _builder_version=&#8221;4.27.4&#8243; _module_preset=&#8221;default&#8221; global_colors_info=&#8221;{}&#8221; theme_builder_area=&#8221;post_content&#8221;][\/et_pb_divider][et_pb_text _builder_version=&#8221;4.27.4&#8243; _module_preset=&#8221;default&#8221; text_font_size=&#8221;18px&#8221; text_line_height=&#8221;1.8em&#8221; link_font=&#8221;||||on||||&#8221; custom_padding=&#8221;||0px|||&#8221; hover_enabled=&#8221;0&#8243; text_font_size_tablet=&#8221;18px&#8221; text_font_size_phone=&#8221;16px&#8221; text_font_size_last_edited=&#8221;on|phone&#8221; global_colors_info=&#8221;{}&#8221; theme_builder_area=&#8221;post_content&#8221; sticky_enabled=&#8221;0&#8243;]<\/p>\n<p>En el coraz\u00f3n de la experiencia estuvo el stand, concebido como plataforma expositiva y relacional. <strong>Paolo Pampanoni, Director Art\u00edstico<\/strong>, se\u00f1ala: \u00ab<em>El stand no es un gesto autocomplaciente, sino un reflejo de la identidad de Skema. Quer\u00edamos crear un espacio claro y accesible, capaz de unir la exposici\u00f3n de las colecciones con la posibilidad de dialogar directamente con los visitantes. La instalaci\u00f3n no fue pensada como un ejercicio formal, sino como una herramienta din\u00e1mica para contar la empresa y favorecer el intercambio. Cada superficie, cada detalle fue estudiado para transformar el producto en experiencia, de modo que el visitante pudiera entrar en contacto inmediato con nuestra realidad<\/em>\u00bb.<\/p>\n<p>Para cerrar, <strong>Sonia Venaruzzo, Chief Strategy Officer<\/strong>, ampl\u00eda la perspectiva: \u00ab<em>Participar en Cersaie significa no solo presentar nuestras superficies a un p\u00fablico internacional, sino reafirmar nuestro papel en anticipar las tendencias del h\u00e1bitat y del dise\u00f1o. La feria nos permiti\u00f3 mostrar c\u00f3mo nuestras colecciones interpretan las necesidades de la vida contempor\u00e1nea y, al mismo tiempo, reiterar nuestro compromiso con la sostenibilidad. Sin embargo, el mayor valor sigue siendo el encuentro: el stand fue un cruce de relaciones, donde cada conversaci\u00f3n a\u00f1adi\u00f3 una pieza a un camino que continuar\u00e1 m\u00e1s all\u00e1 de la feria<\/em>\u00bb.<\/p>\n<p>[\/et_pb_text][et_pb_image src=&#8221;https:\/\/skema.eu\/wp-content\/uploads\/2025\/09\/Sonia-Venaruzzo-e-Paolo-Pampanoni.jpg&#8221; alt=&#8221;Sonia Venaruzzo e Paolo Pampanoni&#8221; title_text=&#8221;Sonia Venaruzzo e Paolo Pampanoni&#8221; _builder_version=&#8221;4.27.4&#8243; _module_preset=&#8221;default&#8221; global_colors_info=&#8221;{}&#8221; theme_builder_area=&#8221;post_content&#8221;][\/et_pb_image][et_pb_divider divider_style=&#8221;none&#8221; _builder_version=&#8221;4.27.4&#8243; _module_preset=&#8221;default&#8221; global_colors_info=&#8221;{}&#8221; theme_builder_area=&#8221;post_content&#8221;][\/et_pb_divider][\/et_pb_column][\/et_pb_row][et_pb_row _builder_version=&#8221;4.27.4&#8243; width=&#8221;100%&#8221; max_width=&#8221;50%&#8221; max_width_tablet=&#8221;80%&#8221; max_width_phone=&#8221;80%&#8221; max_width_last_edited=&#8221;on|tablet&#8221; custom_padding=&#8221;0px||||false|false&#8221; collapsed=&#8221;off&#8221; global_colors_info=&#8221;{}&#8221; theme_builder_area=&#8221;post_content&#8221;][et_pb_column type=&#8221;4_4&#8243; _builder_version=&#8221;4.16&#8243; custom_padding=&#8221;|||&#8221; global_colors_info=&#8221;{}&#8221; custom_padding__hover=&#8221;|||&#8221; theme_builder_area=&#8221;post_content&#8221;][et_pb_text _builder_version=&#8221;4.27.4&#8243; _module_preset=&#8221;default&#8221; text_font_size=&#8221;18px&#8221; text_line_height=&#8221;1.8em&#8221; link_font=&#8221;||||on||||&#8221; custom_padding=&#8221;||0px|||&#8221; text_font_size_tablet=&#8221;18px&#8221; text_font_size_phone=&#8221;16px&#8221; text_font_size_last_edited=&#8221;on|phone&#8221; global_colors_info=&#8221;{}&#8221; theme_builder_area=&#8221;post_content&#8221;]<\/p>\n<p>El cierre de Cersaie 2025 confirma as\u00ed a Skema como referente internacional en superficies c\u00e1lidas y coordinadas: un espacio de intercambio, un laboratorio abierto que ha sabido integrar innovaci\u00f3n y relaci\u00f3n, consolidando un recorrido que desde hace m\u00e1s de treinta a\u00f1os sit\u00faa en el centro las <strong>superficies para vivir.<\/strong> <\/p>\n<p>[\/et_pb_text][et_pb_divider divider_style=&#8221;none&#8221; _builder_version=&#8221;4.27.4&#8243; _module_preset=&#8221;default&#8221; global_colors_info=&#8221;{}&#8221; theme_builder_area=&#8221;post_content&#8221;][\/et_pb_divider][\/et_pb_column][\/et_pb_row][\/et_pb_section]<\/p>\n","protected":false},"excerpt":{"rendered":"<p>Cinco d\u00edas intensos, un flujo continuo de visitantes italianos y extranjeros, profesionales llegados de toda Europa y m\u00e1s all\u00e1: la presencia de Skema en Cersaie 2025 se transform\u00f3 en un verdadero punto de referencia para arquitectos, dise\u00f1adores y contratistas en busca de soluciones innovadoras y coordinadas.<\/p>\n","protected":false},"author":9986,"featured_media":20131,"comment_status":"closed","ping_status":"closed","sticky":true,"template":"","format":"standard","meta":{"_acf_changed":false,"_et_pb_use_builder":"on","_et_pb_old_content":"","_et_gb_content_width":"","inline_featured_image":false,"footnotes":""},"categories":[263],"tags":[],"class_list":["post-20221","post","type-post","status-publish","format-standard","has-post-thumbnail","hentry","category-eventos"],"acf":[],"yoast_head":"<!-- This site is optimized with the Yoast SEO plugin v27.1.1 - https:\/\/yoast.com\/product\/yoast-seo-wordpress\/ -->\n<title>Skema en Cersaie 2025: un \u00e9xito de p\u00fablico entre experiencias y relaciones - Skema<\/title>\n<meta name=\"description\" content=\"Cinco d\u00edas intensos, un flujo continuo de visitantes italianos y extranjeros, profesionales llegados de toda Europa y m\u00e1s all\u00e1: la presencia de Skema en Cersaie 2025 se transform\u00f3 en un verdadero punto de referencia para arquitectos, dise\u00f1adores y contratistas en busca de soluciones innovadoras y coordinadas.\" \/>\n<meta name=\"robots\" content=\"index, follow, max-snippet:-1, max-image-preview:large, max-video-preview:-1\" \/>\n<link rel=\"canonical\" href=\"https:\/\/skema.eu\/es\/skema-en-cersaie-2025-un-exito-de-publico-entre-experiencias-y-relaciones\/\" \/>\n<meta property=\"og:locale\" content=\"es_ES\" \/>\n<meta property=\"og:type\" content=\"article\" \/>\n<meta property=\"og:title\" content=\"Skema en Cersaie 2025: un \u00e9xito de p\u00fablico entre experiencias y relaciones\" \/>\n<meta property=\"og:description\" content=\"Cinco d\u00edas intensos, un flujo continuo de visitantes italianos y extranjeros, profesionales llegados de toda Europa y m\u00e1s all\u00e1: la presencia de Skema en Cersaie 2025 se transform\u00f3 en un verdadero punto de referencia para arquitectos, dise\u00f1adores y contratistas en busca de soluciones innovadoras y coordinadas.\" \/>\n<meta property=\"og:url\" content=\"https:\/\/skema.eu\/es\/skema-en-cersaie-2025-un-exito-de-publico-entre-experiencias-y-relaciones\/\" \/>\n<meta property=\"og:site_name\" content=\"Skema\" \/>\n<meta property=\"article:publisher\" content=\"https:\/\/www.facebook.com\/skema.eu\" \/>\n<meta property=\"article:published_time\" content=\"2025-09-29T13:48:55+00:00\" \/>\n<meta property=\"article:modified_time\" content=\"2025-09-30T10:06:14+00:00\" \/>\n<meta property=\"og:image\" content=\"https:\/\/skema.eu\/wp-content\/uploads\/2025\/09\/stand-skema-cersaie-2025-1600x914.jpg\" \/>\n<meta name=\"author\" content=\"Cristina Miseo\" \/>\n<meta name=\"twitter:card\" content=\"summary_large_image\" \/>\n<meta name=\"twitter:label1\" content=\"Escrito por\" \/>\n\t<meta name=\"twitter:data1\" content=\"Cristina Miseo\" \/>\n\t<meta name=\"twitter:label2\" content=\"Tiempo de lectura\" \/>\n\t<meta name=\"twitter:data2\" content=\"11 minutos\" \/>\n<script type=\"application\/ld+json\" class=\"yoast-schema-graph\">{\"@context\":\"https:\/\/schema.org\",\"@graph\":[{\"@type\":\"Article\",\"@id\":\"https:\/\/skema.eu\/es\/skema-en-cersaie-2025-un-exito-de-publico-entre-experiencias-y-relaciones\/#article\",\"isPartOf\":{\"@id\":\"https:\/\/skema.eu\/es\/skema-en-cersaie-2025-un-exito-de-publico-entre-experiencias-y-relaciones\/\"},\"author\":{\"name\":\"Cristina Miseo\",\"@id\":\"https:\/\/skema.eu\/es\/#\/schema\/person\/300bdb705c56dc472eccd8ee8ff3a908\"},\"headline\":\"Skema en Cersaie 2025: un \u00e9xito de p\u00fablico entre experiencias y relaciones\",\"datePublished\":\"2025-09-29T13:48:55+00:00\",\"dateModified\":\"2025-09-30T10:06:14+00:00\",\"mainEntityOfPage\":{\"@id\":\"https:\/\/skema.eu\/es\/skema-en-cersaie-2025-un-exito-de-publico-entre-experiencias-y-relaciones\/\"},\"wordCount\":2310,\"publisher\":{\"@id\":\"https:\/\/skema.eu\/es\/#organization\"},\"image\":{\"@id\":\"https:\/\/skema.eu\/es\/skema-en-cersaie-2025-un-exito-de-publico-entre-experiencias-y-relaciones\/#primaryimage\"},\"thumbnailUrl\":\"https:\/\/skema.eu\/wp-content\/uploads\/2025\/09\/stand-skema-cersaie-2025.jpg\",\"articleSection\":[\"Eventos\"],\"inLanguage\":\"es\"},{\"@type\":\"WebPage\",\"@id\":\"https:\/\/skema.eu\/es\/skema-en-cersaie-2025-un-exito-de-publico-entre-experiencias-y-relaciones\/\",\"url\":\"https:\/\/skema.eu\/es\/skema-en-cersaie-2025-un-exito-de-publico-entre-experiencias-y-relaciones\/\",\"name\":\"Skema en Cersaie 2025: un \u00e9xito de p\u00fablico entre experiencias y relaciones - Skema\",\"isPartOf\":{\"@id\":\"https:\/\/skema.eu\/es\/#website\"},\"primaryImageOfPage\":{\"@id\":\"https:\/\/skema.eu\/es\/skema-en-cersaie-2025-un-exito-de-publico-entre-experiencias-y-relaciones\/#primaryimage\"},\"image\":{\"@id\":\"https:\/\/skema.eu\/es\/skema-en-cersaie-2025-un-exito-de-publico-entre-experiencias-y-relaciones\/#primaryimage\"},\"thumbnailUrl\":\"https:\/\/skema.eu\/wp-content\/uploads\/2025\/09\/stand-skema-cersaie-2025.jpg\",\"datePublished\":\"2025-09-29T13:48:55+00:00\",\"dateModified\":\"2025-09-30T10:06:14+00:00\",\"description\":\"Cinco d\u00edas intensos, un flujo continuo de visitantes italianos y extranjeros, profesionales llegados de toda Europa y m\u00e1s all\u00e1: la presencia de Skema en Cersaie 2025 se transform\u00f3 en un verdadero punto de referencia para arquitectos, dise\u00f1adores y contratistas en busca de soluciones innovadoras y coordinadas.\",\"breadcrumb\":{\"@id\":\"https:\/\/skema.eu\/es\/skema-en-cersaie-2025-un-exito-de-publico-entre-experiencias-y-relaciones\/#breadcrumb\"},\"inLanguage\":\"es\",\"potentialAction\":[{\"@type\":\"ReadAction\",\"target\":[\"https:\/\/skema.eu\/es\/skema-en-cersaie-2025-un-exito-de-publico-entre-experiencias-y-relaciones\/\"]}]},{\"@type\":\"ImageObject\",\"inLanguage\":\"es\",\"@id\":\"https:\/\/skema.eu\/es\/skema-en-cersaie-2025-un-exito-de-publico-entre-experiencias-y-relaciones\/#primaryimage\",\"url\":\"https:\/\/skema.eu\/wp-content\/uploads\/2025\/09\/stand-skema-cersaie-2025.jpg\",\"contentUrl\":\"https:\/\/skema.eu\/wp-content\/uploads\/2025\/09\/stand-skema-cersaie-2025.jpg\",\"width\":1890,\"height\":1080,\"caption\":\"Stand Skema Cersaie 2025\"},{\"@type\":\"BreadcrumbList\",\"@id\":\"https:\/\/skema.eu\/es\/skema-en-cersaie-2025-un-exito-de-publico-entre-experiencias-y-relaciones\/#breadcrumb\",\"itemListElement\":[{\"@type\":\"ListItem\",\"position\":1,\"name\":\"Home\",\"item\":\"https:\/\/skema.eu\/es\/\"},{\"@type\":\"ListItem\",\"position\":2,\"name\":\"Skema en Cersaie 2025: un \u00e9xito de p\u00fablico entre experiencias y relaciones\"}]},{\"@type\":\"WebSite\",\"@id\":\"https:\/\/skema.eu\/es\/#website\",\"url\":\"https:\/\/skema.eu\/es\/\",\"name\":\"Skema\",\"description\":\"Superfici da Vivere\",\"publisher\":{\"@id\":\"https:\/\/skema.eu\/es\/#organization\"},\"potentialAction\":[{\"@type\":\"SearchAction\",\"target\":{\"@type\":\"EntryPoint\",\"urlTemplate\":\"https:\/\/skema.eu\/es\/?s={search_term_string}\"},\"query-input\":{\"@type\":\"PropertyValueSpecification\",\"valueRequired\":true,\"valueName\":\"search_term_string\"}}],\"inLanguage\":\"es\"},{\"@type\":\"Organization\",\"@id\":\"https:\/\/skema.eu\/es\/#organization\",\"name\":\"Skema S.p.a Unipersonale\",\"url\":\"https:\/\/skema.eu\/es\/\",\"logo\":{\"@type\":\"ImageObject\",\"inLanguage\":\"es\",\"@id\":\"https:\/\/skema.eu\/es\/#\/schema\/logo\/image\/\",\"url\":\"https:\/\/skema.eu\/wp-content\/uploads\/2025\/04\/copertina-standard-sito_161202517452.webp\",\"contentUrl\":\"https:\/\/skema.eu\/wp-content\/uploads\/2025\/04\/copertina-standard-sito_161202517452.webp\",\"width\":600,\"height\":424,\"caption\":\"Skema S.p.a Unipersonale\"},\"image\":{\"@id\":\"https:\/\/skema.eu\/es\/#\/schema\/logo\/image\/\"},\"sameAs\":[\"https:\/\/www.facebook.com\/skema.eu\"]},{\"@type\":\"Person\",\"@id\":\"https:\/\/skema.eu\/es\/#\/schema\/person\/300bdb705c56dc472eccd8ee8ff3a908\",\"name\":\"Cristina Miseo\",\"image\":{\"@type\":\"ImageObject\",\"inLanguage\":\"es\",\"@id\":\"https:\/\/skema.eu\/es\/#\/schema\/person\/image\/\",\"url\":\"https:\/\/secure.gravatar.com\/avatar\/f0c051d5b5d55f11df846dbff6161d23b6b626820f66764f6e34370d4312e9af?s=96&d=mm&r=g\",\"contentUrl\":\"https:\/\/secure.gravatar.com\/avatar\/f0c051d5b5d55f11df846dbff6161d23b6b626820f66764f6e34370d4312e9af?s=96&d=mm&r=g\",\"caption\":\"Cristina Miseo\"}}]}<\/script>\n<!-- \/ Yoast SEO plugin. -->","yoast_head_json":{"title":"Skema en Cersaie 2025: un \u00e9xito de p\u00fablico entre experiencias y relaciones - Skema","description":"Cinco d\u00edas intensos, un flujo continuo de visitantes italianos y extranjeros, profesionales llegados de toda Europa y m\u00e1s all\u00e1: la presencia de Skema en Cersaie 2025 se transform\u00f3 en un verdadero punto de referencia para arquitectos, dise\u00f1adores y contratistas en busca de soluciones innovadoras y coordinadas.","robots":{"index":"index","follow":"follow","max-snippet":"max-snippet:-1","max-image-preview":"max-image-preview:large","max-video-preview":"max-video-preview:-1"},"canonical":"https:\/\/skema.eu\/es\/skema-en-cersaie-2025-un-exito-de-publico-entre-experiencias-y-relaciones\/","og_locale":"es_ES","og_type":"article","og_title":"Skema en Cersaie 2025: un \u00e9xito de p\u00fablico entre experiencias y relaciones","og_description":"Cinco d\u00edas intensos, un flujo continuo de visitantes italianos y extranjeros, profesionales llegados de toda Europa y m\u00e1s all\u00e1: la presencia de Skema en Cersaie 2025 se transform\u00f3 en un verdadero punto de referencia para arquitectos, dise\u00f1adores y contratistas en busca de soluciones innovadoras y coordinadas.","og_url":"https:\/\/skema.eu\/es\/skema-en-cersaie-2025-un-exito-de-publico-entre-experiencias-y-relaciones\/","og_site_name":"Skema","article_publisher":"https:\/\/www.facebook.com\/skema.eu","article_published_time":"2025-09-29T13:48:55+00:00","article_modified_time":"2025-09-30T10:06:14+00:00","og_image":[{"url":"https:\/\/skema.eu\/wp-content\/uploads\/2025\/09\/stand-skema-cersaie-2025-1600x914.jpg","type":"","width":"","height":""}],"author":"Cristina Miseo","twitter_card":"summary_large_image","twitter_misc":{"Escrito por":"Cristina Miseo","Tiempo de lectura":"11 minutos"},"schema":{"@context":"https:\/\/schema.org","@graph":[{"@type":"Article","@id":"https:\/\/skema.eu\/es\/skema-en-cersaie-2025-un-exito-de-publico-entre-experiencias-y-relaciones\/#article","isPartOf":{"@id":"https:\/\/skema.eu\/es\/skema-en-cersaie-2025-un-exito-de-publico-entre-experiencias-y-relaciones\/"},"author":{"name":"Cristina Miseo","@id":"https:\/\/skema.eu\/es\/#\/schema\/person\/300bdb705c56dc472eccd8ee8ff3a908"},"headline":"Skema en Cersaie 2025: un \u00e9xito de p\u00fablico entre experiencias y relaciones","datePublished":"2025-09-29T13:48:55+00:00","dateModified":"2025-09-30T10:06:14+00:00","mainEntityOfPage":{"@id":"https:\/\/skema.eu\/es\/skema-en-cersaie-2025-un-exito-de-publico-entre-experiencias-y-relaciones\/"},"wordCount":2310,"publisher":{"@id":"https:\/\/skema.eu\/es\/#organization"},"image":{"@id":"https:\/\/skema.eu\/es\/skema-en-cersaie-2025-un-exito-de-publico-entre-experiencias-y-relaciones\/#primaryimage"},"thumbnailUrl":"https:\/\/skema.eu\/wp-content\/uploads\/2025\/09\/stand-skema-cersaie-2025.jpg","articleSection":["Eventos"],"inLanguage":"es"},{"@type":"WebPage","@id":"https:\/\/skema.eu\/es\/skema-en-cersaie-2025-un-exito-de-publico-entre-experiencias-y-relaciones\/","url":"https:\/\/skema.eu\/es\/skema-en-cersaie-2025-un-exito-de-publico-entre-experiencias-y-relaciones\/","name":"Skema en Cersaie 2025: un \u00e9xito de p\u00fablico entre experiencias y relaciones - Skema","isPartOf":{"@id":"https:\/\/skema.eu\/es\/#website"},"primaryImageOfPage":{"@id":"https:\/\/skema.eu\/es\/skema-en-cersaie-2025-un-exito-de-publico-entre-experiencias-y-relaciones\/#primaryimage"},"image":{"@id":"https:\/\/skema.eu\/es\/skema-en-cersaie-2025-un-exito-de-publico-entre-experiencias-y-relaciones\/#primaryimage"},"thumbnailUrl":"https:\/\/skema.eu\/wp-content\/uploads\/2025\/09\/stand-skema-cersaie-2025.jpg","datePublished":"2025-09-29T13:48:55+00:00","dateModified":"2025-09-30T10:06:14+00:00","description":"Cinco d\u00edas intensos, un flujo continuo de visitantes italianos y extranjeros, profesionales llegados de toda Europa y m\u00e1s all\u00e1: la presencia de Skema en Cersaie 2025 se transform\u00f3 en un verdadero punto de referencia para arquitectos, dise\u00f1adores y contratistas en busca de soluciones innovadoras y coordinadas.","breadcrumb":{"@id":"https:\/\/skema.eu\/es\/skema-en-cersaie-2025-un-exito-de-publico-entre-experiencias-y-relaciones\/#breadcrumb"},"inLanguage":"es","potentialAction":[{"@type":"ReadAction","target":["https:\/\/skema.eu\/es\/skema-en-cersaie-2025-un-exito-de-publico-entre-experiencias-y-relaciones\/"]}]},{"@type":"ImageObject","inLanguage":"es","@id":"https:\/\/skema.eu\/es\/skema-en-cersaie-2025-un-exito-de-publico-entre-experiencias-y-relaciones\/#primaryimage","url":"https:\/\/skema.eu\/wp-content\/uploads\/2025\/09\/stand-skema-cersaie-2025.jpg","contentUrl":"https:\/\/skema.eu\/wp-content\/uploads\/2025\/09\/stand-skema-cersaie-2025.jpg","width":1890,"height":1080,"caption":"Stand Skema Cersaie 2025"},{"@type":"BreadcrumbList","@id":"https:\/\/skema.eu\/es\/skema-en-cersaie-2025-un-exito-de-publico-entre-experiencias-y-relaciones\/#breadcrumb","itemListElement":[{"@type":"ListItem","position":1,"name":"Home","item":"https:\/\/skema.eu\/es\/"},{"@type":"ListItem","position":2,"name":"Skema en Cersaie 2025: un \u00e9xito de p\u00fablico entre experiencias y relaciones"}]},{"@type":"WebSite","@id":"https:\/\/skema.eu\/es\/#website","url":"https:\/\/skema.eu\/es\/","name":"Skema","description":"Superfici da Vivere","publisher":{"@id":"https:\/\/skema.eu\/es\/#organization"},"potentialAction":[{"@type":"SearchAction","target":{"@type":"EntryPoint","urlTemplate":"https:\/\/skema.eu\/es\/?s={search_term_string}"},"query-input":{"@type":"PropertyValueSpecification","valueRequired":true,"valueName":"search_term_string"}}],"inLanguage":"es"},{"@type":"Organization","@id":"https:\/\/skema.eu\/es\/#organization","name":"Skema S.p.a Unipersonale","url":"https:\/\/skema.eu\/es\/","logo":{"@type":"ImageObject","inLanguage":"es","@id":"https:\/\/skema.eu\/es\/#\/schema\/logo\/image\/","url":"https:\/\/skema.eu\/wp-content\/uploads\/2025\/04\/copertina-standard-sito_161202517452.webp","contentUrl":"https:\/\/skema.eu\/wp-content\/uploads\/2025\/04\/copertina-standard-sito_161202517452.webp","width":600,"height":424,"caption":"Skema S.p.a Unipersonale"},"image":{"@id":"https:\/\/skema.eu\/es\/#\/schema\/logo\/image\/"},"sameAs":["https:\/\/www.facebook.com\/skema.eu"]},{"@type":"Person","@id":"https:\/\/skema.eu\/es\/#\/schema\/person\/300bdb705c56dc472eccd8ee8ff3a908","name":"Cristina Miseo","image":{"@type":"ImageObject","inLanguage":"es","@id":"https:\/\/skema.eu\/es\/#\/schema\/person\/image\/","url":"https:\/\/secure.gravatar.com\/avatar\/f0c051d5b5d55f11df846dbff6161d23b6b626820f66764f6e34370d4312e9af?s=96&d=mm&r=g","contentUrl":"https:\/\/secure.gravatar.com\/avatar\/f0c051d5b5d55f11df846dbff6161d23b6b626820f66764f6e34370d4312e9af?s=96&d=mm&r=g","caption":"Cristina Miseo"}}]}},"_links":{"self":[{"href":"https:\/\/skema.eu\/es\/wp-json\/wp\/v2\/posts\/20221","targetHints":{"allow":["GET"]}}],"collection":[{"href":"https:\/\/skema.eu\/es\/wp-json\/wp\/v2\/posts"}],"about":[{"href":"https:\/\/skema.eu\/es\/wp-json\/wp\/v2\/types\/post"}],"author":[{"embeddable":true,"href":"https:\/\/skema.eu\/es\/wp-json\/wp\/v2\/users\/9986"}],"replies":[{"embeddable":true,"href":"https:\/\/skema.eu\/es\/wp-json\/wp\/v2\/comments?post=20221"}],"version-history":[{"count":17,"href":"https:\/\/skema.eu\/es\/wp-json\/wp\/v2\/posts\/20221\/revisions"}],"predecessor-version":[{"id":20310,"href":"https:\/\/skema.eu\/es\/wp-json\/wp\/v2\/posts\/20221\/revisions\/20310"}],"wp:featuredmedia":[{"embeddable":true,"href":"https:\/\/skema.eu\/es\/wp-json\/wp\/v2\/media\/20131"}],"wp:attachment":[{"href":"https:\/\/skema.eu\/es\/wp-json\/wp\/v2\/media?parent=20221"}],"wp:term":[{"taxonomy":"category","embeddable":true,"href":"https:\/\/skema.eu\/es\/wp-json\/wp\/v2\/categories?post=20221"},{"taxonomy":"post_tag","embeddable":true,"href":"https:\/\/skema.eu\/es\/wp-json\/wp\/v2\/tags?post=20221"}],"curies":[{"name":"wp","href":"https:\/\/api.w.org\/{rel}","templated":true}]}}